{"id":202259,"date":"2025-04-14T16:40:36","date_gmt":"2025-04-14T19:40:36","guid":{"rendered":"https:\/\/corrientesdetarde.com\/?p=202259"},"modified":"2025-04-14T16:40:38","modified_gmt":"2025-04-14T19:40:38","slug":"la-dpec-realizara-trabajos-de-mejoras-en-el-interior-82","status":"publish","type":"post","link":"https:\/\/corrientesdetarde.com\/index.php\/informacion-general\/la-dpec-realizara-trabajos-de-mejoras-en-el-interior-82\/","title":{"rendered":"La DPEC realizar\u00e1 trabajos de mejoras en el interior"},"content":{"rendered":"\n<p>La Direcci\u00f3n Provincial de Energ\u00eda de Corrientes (DPEC) informa que con motivo de realizar mejoras en el servicio, se ejecutar\u00e1n tareas de cambio de postes por columnas de Hormig\u00f3n Armado, por lo cual se interrumpir\u00e1 el suministro de energ\u00eda el\u00e9ctrica en la localidad de&nbsp;<strong>SANTO TOM\u00c9<\/strong>, el martes&nbsp;15\/04\/25, en el horario de&nbsp;07:00 a 11:00 Hs, en zonas de la&nbsp;Avenida Artigas desde calle Mar\u00eda Helena Walsh hasta Av. Frondizi, CIC, B\u00b0 Centenario, Escuela T\u00e9cnica, Escuela N\u00b0 311 y Cl\u00ednica Prisma.&nbsp;<\/p>\n\n\n\n<p>Adem\u00e1s, informa que con motivo de realizar mejoras en el servicio, se ejecutar\u00e1n tareas de colocaci\u00f3n de columnas de Hormig\u00f3n Armado, por lo cual se interrumpir\u00e1 el suministro de energ\u00eda el\u00e9ctrica en la localidad de&nbsp;<strong>MARIANO I. LOZA, Radar Meteorol\u00f3gico y zonas Rurales<\/strong>, el martes&nbsp;15 y mi\u00e9rcoles 16\/04\/25, en el horario de&nbsp;13:00 a 18:00 Hs.<\/p>\n\n\n\n<p>Tambi\u00e9n, informa que con motivo de realizar mejoras en el servicio, se ejecutar\u00e1n tareas de mantenimiento de L\u00edneas de Media Tensi\u00f3n, por lo cual se interrumpir\u00e1 el suministro de energ\u00eda el\u00e9ctrica en la localidad de&nbsp;<strong>CURUZ\u00da CUATI\u00c1<\/strong>, el martes&nbsp;15\/04\/25, en el horario de&nbsp;07:00 a 09:30 Hs, en zonas de los barrios&nbsp;Invico, Villa Belgrano, 100 Viviendas, Yagua Rinc\u00f3n, Parajes Vaca Cu\u00e1, Sarand\u00ed y zonas de influencia.<\/p>\n\n\n\n<p>Por otro lado, informa que con motivo de realizar mejoras en el servicio, se ejecutar\u00e1n tareas de mantenimiento de L\u00edneas de Media Tensi\u00f3n, por lo cual se interrumpir\u00e1 el suministro de energ\u00eda el\u00e9ctrica en la localidad de&nbsp;<strong>MERCEDES<\/strong>, el martes&nbsp;15\/04\/25, en el horario de&nbsp;07:00 a 08:00 Hs, en zonas de la&nbsp;calle Alvear, Centro, B\u00b0 Las Tipas, B\u00b0 Cuartel, Molinos Ala, Taller El Tri\u00e1ngulo, Inta Mercedes y zonas de influencia.<\/p>\n\n\n\n<p>Por \u00faltimo, informa que con motivo de realizar mejoras en el servicio, se ejecutar\u00e1n tareas de tendido de L\u00edneas de Media Tensi\u00f3n, por lo cual se interrumpir\u00e1 el suministro de energ\u00eda el\u00e9ctrica en la localidad de&nbsp;<strong>SAN LUIS DEL PALMAR<\/strong>, el martes&nbsp;15\/04\/25, en el horario de&nbsp;08:00 a 12:00 Hs, en zonas de la avenida&nbsp;Rivadavia y Corrientes, calle Corrientes y Juan Romero, Av. Rivadavia y Jorge Amarilla, Calle N\u00b0 6 entre Calle N\u00b0 4 y Calle N\u00b0 7, Calle N\u00b0 6 entre Calle N\u00b0 7 y calle N\u00b0 2, y zonas de influencia.<\/p>\n","protected":false},"excerpt":{"rendered":"<p>La Direcci\u00f3n Provincial de Energ\u00eda de Corrientes (DPEC) informa que con motivo de realizar mejoras en el servicio, se ejecutar\u00e1n tareas de cambio de postes por columnas de Hormig\u00f3n Armado,&hellip; <\/p>\n","protected":false},"author":8,"featured_media":202260,"comment_status":"closed","ping_status":"open","sticky":false,"template":"","format":"standard","meta":{"footnotes":""},"categories":[1],"tags":[],"class_list":["post-202259","post","type-post","status-publish","format-standard","has-post-thumbnail","hentry","category-informacion-general"],"_links":{"self":[{"href":"https:\/\/corrientesdetarde.com\/index.php\/wp-json\/wp\/v2\/posts\/202259","targetHints":{"allow":["GET"]}}],"collection":[{"href":"https:\/\/corrientesdetarde.com\/index.php\/wp-json\/wp\/v2\/posts"}],"about":[{"href":"https:\/\/corrientesdetarde.com\/index.php\/wp-json\/wp\/v2\/types\/post"}],"author":[{"embeddable":true,"href":"https:\/\/corrientesdetarde.com\/index.php\/wp-json\/wp\/v2\/users\/8"}],"replies":[{"embeddable":true,"href":"https:\/\/corrientesdetarde.com\/index.php\/wp-json\/wp\/v2\/comments?post=202259"}],"version-history":[{"count":1,"href":"https:\/\/corrientesdetarde.com\/index.php\/wp-json\/wp\/v2\/posts\/202259\/revisions"}],"predecessor-version":[{"id":202261,"href":"https:\/\/corrientesdetarde.com\/index.php\/wp-json\/wp\/v2\/posts\/202259\/revisions\/202261"}],"wp:featuredmedia":[{"embeddable":true,"href":"https:\/\/corrientesdetarde.com\/index.php\/wp-json\/wp\/v2\/media\/202260"}],"wp:attachment":[{"href":"https:\/\/corrientesdetarde.com\/index.php\/wp-json\/wp\/v2\/media?parent=202259"}],"wp:term":[{"taxonomy":"category","embeddable":true,"href":"https:\/\/corrientesdetarde.com\/index.php\/wp-json\/wp\/v2\/categories?post=202259"},{"taxonomy":"post_tag","embeddable":true,"href":"https:\/\/corrientesdetarde.com\/index.php\/wp-json\/wp\/v2\/tags?post=202259"}],"curies":[{"name":"wp","href":"https:\/\/api.w.org\/{rel}","templated":true}]}}