{"id":202317,"date":"2025-04-14T23:07:09","date_gmt":"2025-04-15T02:07:09","guid":{"rendered":"https:\/\/corrientesdetarde.com\/?p=202317"},"modified":"2025-04-14T23:07:13","modified_gmt":"2025-04-15T02:07:13","slug":"aseguran-que-laudelina-y-macarena-ya-han-estado-embarazadas-pero-nunca-ven-a-los-bebes","status":"publish","type":"post","link":"https:\/\/corrientesdetarde.com\/index.php\/policiales\/aseguran-que-laudelina-y-macarena-ya-han-estado-embarazadas-pero-nunca-ven-a-los-bebes\/","title":{"rendered":"Aseguran que Laudelina y Macarena ya han estado embarazadas pero nunca ven a los beb\u00e9s"},"content":{"rendered":"\n<p>En las \u00faltimas horas, se conoci\u00f3 que la hija de Laudelina est\u00e1 cursando un embarazo y volvieron a aparecer en redes los se\u00f1alamientos de una vecina.<\/p>\n\n\n\n<p>Lo que comenz\u00f3 como un testimonio m\u00e1s en el caso de Loan Danilo Pe\u00f1a, ha tomado un giro inesperado con la revelaci\u00f3n de una foto comprometedora y una teor\u00eda que apunta a Laudelina, t\u00eda del nene, y su hija Macarena.<\/p>\n\n\n\n<p>&nbsp;<br>Por lo que se supo en las \u00faltimas horas, la hija de Laudelina y prima de Loan estar\u00eda cursando un embarazo. Esto revivi\u00f3 en redes un testimonio de una vecina que habl\u00f3 sobre supuestos embarazos anteriores en la familia de Loan.<\/p>\n\n\n\n<p><strong>Una vecina habl\u00f3 sobre supuestos embarazos en la familia de Loan<\/strong><\/p>\n\n\n\n<p><br>En Cr\u00f3nica TV, dieron a conocer el testimonio de una vecina de 9 de Julio, la localidad correntina donde desapareci\u00f3 Loan hace m\u00e1s de un mes. La vecina asegur\u00f3 que Laudelina habr\u00eda estado embarazada a mediados de 2022, pero nunca se habr\u00eda visto al beb\u00e9.<\/p>\n\n\n\n<p>&nbsp;<br><strong>La foto que muestra a Laudelina embarazada<\/strong><\/p>\n\n\n\n<p><br>&#8220;No nos quiere brindar su nombre porque tiene miedo pero declar\u00f3 como testigo ante la Justicia federal. Nos dice que Macarena tambi\u00e9n estuvo embarazada aunque nunca la vieron con el beb\u00e9&#8221;, asegur\u00f3 la periodista.<\/p>\n\n\n\n<p>&nbsp;<br>La foto, fechada el 8 de agosto de 2022, muestra a Laudelina junto a Macarena, quien seg\u00fan la testigo podr\u00eda haber estado embarazada en ese momento.<\/p>\n","protected":false},"excerpt":{"rendered":"<p>En las \u00faltimas horas, se conoci\u00f3 que la hija de Laudelina est\u00e1 cursando un embarazo y volvieron a aparecer en redes los se\u00f1alamientos de una vecina. Lo que comenz\u00f3 como&hellip; <\/p>\n","protected":false},"author":4,"featured_media":202318,"comment_status":"closed","ping_status":"open","sticky":false,"template":"","format":"standard","meta":{"footnotes":""},"categories":[33],"tags":[],"class_list":["post-202317","post","type-post","status-publish","format-standard","has-post-thumbnail","hentry","category-policiales"],"_links":{"self":[{"href":"https:\/\/corrientesdetarde.com\/index.php\/wp-json\/wp\/v2\/posts\/202317","targetHints":{"allow":["GET"]}}],"collection":[{"href":"https:\/\/corrientesdetarde.com\/index.php\/wp-json\/wp\/v2\/posts"}],"about":[{"href":"https:\/\/corrientesdetarde.com\/index.php\/wp-json\/wp\/v2\/types\/post"}],"author":[{"embeddable":true,"href":"https:\/\/corrientesdetarde.com\/index.php\/wp-json\/wp\/v2\/users\/4"}],"replies":[{"embeddable":true,"href":"https:\/\/corrientesdetarde.com\/index.php\/wp-json\/wp\/v2\/comments?post=202317"}],"version-history":[{"count":1,"href":"https:\/\/corrientesdetarde.com\/index.php\/wp-json\/wp\/v2\/posts\/202317\/revisions"}],"predecessor-version":[{"id":202319,"href":"https:\/\/corrientesdetarde.com\/index.php\/wp-json\/wp\/v2\/posts\/202317\/revisions\/202319"}],"wp:featuredmedia":[{"embeddable":true,"href":"https:\/\/corrientesdetarde.com\/index.php\/wp-json\/wp\/v2\/media\/202318"}],"wp:attachment":[{"href":"https:\/\/corrientesdetarde.com\/index.php\/wp-json\/wp\/v2\/media?parent=202317"}],"wp:term":[{"taxonomy":"category","embeddable":true,"href":"https:\/\/corrientesdetarde.com\/index.php\/wp-json\/wp\/v2\/categories?post=202317"},{"taxonomy":"post_tag","embeddable":true,"href":"https:\/\/corrientesdetarde.com\/index.php\/wp-json\/wp\/v2\/tags?post=202317"}],"curies":[{"name":"wp","href":"https:\/\/api.w.org\/{rel}","templated":true}]}}