{"id":202325,"date":"2025-04-15T00:29:56","date_gmt":"2025-04-15T03:29:56","guid":{"rendered":"https:\/\/corrientesdetarde.com\/?p=202325"},"modified":"2025-04-15T00:30:06","modified_gmt":"2025-04-15T03:30:06","slug":"dalma-maradona-y-victor-stinfale-declararan-este-martes-en-el-juicio-por-la-muerte-de-diego","status":"publish","type":"post","link":"https:\/\/corrientesdetarde.com\/index.php\/espectaculos\/dalma-maradona-y-victor-stinfale-declararan-este-martes-en-el-juicio-por-la-muerte-de-diego\/","title":{"rendered":"Dalma Maradona y V\u00edctor Stinfale declarar\u00e1n este martes en el juicio por la muerte de Diego"},"content":{"rendered":"\n<h2 class=\"wp-block-heading\">El abogado ser\u00e1 el primero en comparecer y la hija mayor del &#8220;Diez&#8221; har\u00e1 lo propio por la tarde.<\/h2>\n\n\n\n<p><strong>Dalma\u00a0Maradona\u00a0y V\u00edctor Stinfale declarar\u00e1n ma\u00f1ana en el juicio oral por la muerte de Diego<\/strong>, seg\u00fan informaron fuentes del caso a la\u00a0<em>Agencia Noticias Argentinas.<\/em><\/p>\n\n\n\n<p>El abogado ser\u00e1 el primer testigo en comparecer en el Tribunal Oral en lo Criminal N\u00b03 de San Isidro y la hija del &#8220;Diez&#8221; har\u00e1 lo propio por la tarde.<\/p>\n\n\n\n<p>En medio del esc\u00e1ndalo por los chats entre Agustina Cosachov y el psic\u00f3logo Carlos D\u00eda donde charlan sobre la supuesta relaci\u00f3n sexual que habr\u00eda mantenido la psiquiatra con Maradona, hay expectativas por las declaraciones de los testigos citados para este martes a las 9:30.<\/p>\n\n\n\n<p>Adem\u00e1s,<strong>&nbsp;tanto Dalma como Stinfale participaron de la reuni\u00f3n en la cl\u00ednica Olivos donde se decidi\u00f3 la externaci\u00f3n del ex futbolista de Boca<\/strong>&nbsp;y su posterior traslado a la vivienda del barrio cerrado San Andr\u00e9s, en Benavidez, partido bonaerense de Tigre.<\/p>\n\n\n\n<p>Durante la jornada, Gianinna Maradona le respondi\u00f3 a Cosachov y afirm\u00f3:&nbsp;<strong>&#8220;Iron\u00eda es que sigas ejerciendo&#8221;.<\/strong><\/p>\n\n\n\n<p>A trav\u00e9s de una historia de Instagram, Gianinna habl\u00f3 de manera p\u00fablica sobre la conversaci\u00f3n pol\u00e9mica y apunt\u00f3 a la profesional que atendi\u00f3 a su pap\u00e1, quien ahora est\u00e1 siendo juzgada en el Tribunal de San Isidro.<\/p>\n\n\n\n<p><strong>&#8220;Iron\u00eda es que sigas ejerciendo. Que dolor de panza me dan&#8221;<\/strong>, manifest\u00f3 Gianinna.<\/p>\n\n\n\n<p>Frente a esta situaci\u00f3n, tanto la profesional como su abogado, Vadim Mischanchuk, manifestaron que se trat\u00f3 de una&nbsp;<strong>&#8220;conversaci\u00f3n ir\u00f3nica y sarc\u00e1stica con un compa\u00f1ero&#8221;.<\/strong><\/p>\n\n\n\n<p>Cosachov explic\u00f3 que fueron &#8220;sacados de contexto&#8221; y corresponden a un di\u00e1logo privado y &#8220;claramente sarc\u00e1stico&#8221; con un colega.&nbsp;&nbsp;<\/p>\n\n\n\n<p>&#8220;Entiendo que este di\u00e1logo privado, que jam\u00e1s debi\u00f3 hacerse p\u00fablico, pueda prestarse a malas interpretaciones. Pero es fundamental que se comprenda que se trat\u00f3 de una conversaci\u00f3n \u00edntima e informal con un colega&#8221;, insisti\u00f3.<\/p>\n\n\n\n<p>La psiquiatra detall\u00f3 que los mensajes datan de noviembre de 2020, momento en que ciertos medios insinuaron una relaci\u00f3n sentimental con Maradona, lo que gener\u00f3 rumores que, seg\u00fan ella, resurgen y se tergiversan en la actualidad.<\/p>\n\n\n\n<p>Por su parte, los abogados Rodolfo Baqu\u00e9 y Mart\u00edn Miguel De Vargas que fueron desplazados de la defensa del enfermero Ricardo Almir\u00f3n por intereses contrapuestos\u00a0solicitaron ser reincorporados a la causa tras el dictamen de Casaci\u00f3n de Buenos Aires.<\/p>\n\n\n\n<p><strong>&#8220;Pedimos que se aplique el efecto suspensivo y se nos permita volver hasta tanto se resuelva la v\u00eda recursiva&#8221;<\/strong>, inform\u00f3 a&nbsp;<em>NA<\/em>&nbsp;Baqu\u00e9.<\/p>\n\n\n\n<p>Los letrados fueron apartados por representar a&nbsp;<strong>Dahiana Gisela Madrid<\/strong>, quien afrontar\u00e1 un juicio por jurados populares.<\/p>\n\n\n\n<p>&#8220;Atento a lo resuelto por la sala II del Tribunal de Casaci\u00f3n de la Provincia de Buenos Aires en fecha 10\/4\/2025, es que solicitamos se nos restituya en el cargo de defensores particulares de Ricardo Almir\u00f3n&#8221;, se\u00f1ala el documento.<\/p>\n\n\n\n<p>Baqu\u00e9 y De Vargas explican que dicha petici\u00f3n&nbsp;<strong>&#8220;debe ser resuelta de manera urgente a los fines de evitar ulteriores nulidades, dado que la resoluci\u00f3n en estado de apelaci\u00f3n no se encuentra firme y es de aplicaci\u00f3n el efecto suspensivo de los recursos&#8221;.<\/strong><\/p>\n\n\n\n<p>La semana pasada Casaci\u00f3n de Buenos Aires expres\u00f3 que la decisi\u00f3n del Tribunal de San Isidro a comienzos del juicio&nbsp;<strong>&#8220;fue arbitraria y que vulner\u00f3 garant\u00edas procesales&#8221;<\/strong>, motivo por el cual se deber\u00e1 revisar el fallo.<\/p>\n\n\n\n<p>De acuerdo al documento al que accedi\u00f3 este medio, se hizo lugar a los recursos presentados por ambas partes y &#8220;reenviar los autos para el dictado de un nuevo pronunciamiento que trate el fondo del recurso de apelaci\u00f3n oportunamente articulado&#8221;.<\/p>\n","protected":false},"excerpt":{"rendered":"<p>El abogado ser\u00e1 el primero en comparecer y la hija mayor del &#8220;Diez&#8221; har\u00e1 lo propio por la tarde. Dalma\u00a0Maradona\u00a0y V\u00edctor Stinfale declarar\u00e1n ma\u00f1ana en el juicio oral por la&hellip; <\/p>\n","protected":false},"author":4,"featured_media":202326,"comment_status":"closed","ping_status":"open","sticky":false,"template":"","format":"standard","meta":{"footnotes":""},"categories":[19],"tags":[],"class_list":["post-202325","post","type-post","status-publish","format-standard","has-post-thumbnail","hentry","category-espectaculos"],"_links":{"self":[{"href":"https:\/\/corrientesdetarde.com\/index.php\/wp-json\/wp\/v2\/posts\/202325","targetHints":{"allow":["GET"]}}],"collection":[{"href":"https:\/\/corrientesdetarde.com\/index.php\/wp-json\/wp\/v2\/posts"}],"about":[{"href":"https:\/\/corrientesdetarde.com\/index.php\/wp-json\/wp\/v2\/types\/post"}],"author":[{"embeddable":true,"href":"https:\/\/corrientesdetarde.com\/index.php\/wp-json\/wp\/v2\/users\/4"}],"replies":[{"embeddable":true,"href":"https:\/\/corrientesdetarde.com\/index.php\/wp-json\/wp\/v2\/comments?post=202325"}],"version-history":[{"count":2,"href":"https:\/\/corrientesdetarde.com\/index.php\/wp-json\/wp\/v2\/posts\/202325\/revisions"}],"predecessor-version":[{"id":202328,"href":"https:\/\/corrientesdetarde.com\/index.php\/wp-json\/wp\/v2\/posts\/202325\/revisions\/202328"}],"wp:featuredmedia":[{"embeddable":true,"href":"https:\/\/corrientesdetarde.com\/index.php\/wp-json\/wp\/v2\/media\/202326"}],"wp:attachment":[{"href":"https:\/\/corrientesdetarde.com\/index.php\/wp-json\/wp\/v2\/media?parent=202325"}],"wp:term":[{"taxonomy":"category","embeddable":true,"href":"https:\/\/corrientesdetarde.com\/index.php\/wp-json\/wp\/v2\/categories?post=202325"},{"taxonomy":"post_tag","embeddable":true,"href":"https:\/\/corrientesdetarde.com\/index.php\/wp-json\/wp\/v2\/tags?post=202325"}],"curies":[{"name":"wp","href":"https:\/\/api.w.org\/{rel}","templated":true}]}}