{"id":202337,"date":"2025-04-15T08:12:58","date_gmt":"2025-04-15T11:12:58","guid":{"rendered":"https:\/\/corrientesdetarde.com\/?p=202337"},"modified":"2025-04-15T08:13:02","modified_gmt":"2025-04-15T11:13:02","slug":"una-denuncia-por-whatsapp-clave-para-detectar-el-transporte-de-pescados-de-manera-ilegal","status":"publish","type":"post","link":"https:\/\/corrientesdetarde.com\/index.php\/policiales\/una-denuncia-por-whatsapp-clave-para-detectar-el-transporte-de-pescados-de-manera-ilegal\/","title":{"rendered":"Una denuncia por WhatsApp, clave para detectar el transporte de pescados de manera ilegal"},"content":{"rendered":"\n<p>Una denuncia an\u00f3nima llev\u00f3 a la inspecci\u00f3n de&nbsp;<strong>un barco con bandera paraguaya que transportaba pescados de manera ilegal<\/strong>&nbsp;en la ciudad de Corrientes, inform\u00f3 este lunes la Prefectura Naval Argentina.&nbsp;<\/p>\n\n\n\n<p>El hecho se registr\u00f3 cuando la fuerza recibi\u00f3 una comunicaci\u00f3n mediante WhatsApp que indicaba que la barcaza navegaba por el r\u00edo Paran\u00e1 con destino al puerto de Asunci\u00f3n de Paraguay con especies \u00edcticas.&nbsp;<\/p>\n\n\n\n<p>Tras una autorizaci\u00f3n de la Justicia, los efectivos lograron demorar la embarcaci\u00f3n y al revisarlo constataron la presencia de&nbsp;<strong>4 surub\u00edes, 6 pat\u00edes, 80 tarariras y 60 palometas, con un aforo de&nbsp; $697.500<\/strong><\/p>\n\n\n\n<p>La mercader\u00eda fue secuestrada y qued\u00f3 a disposici\u00f3n de la Direcci\u00f3n de Recursos Naturales de la provincia para la desnaturalizaci\u00f3n correspondiente.\u00a0<\/p>\n\n\n\n<figure class=\"wp-block-image size-large\"><img loading=\"lazy\" decoding=\"async\" width=\"1024\" height=\"576\" src=\"https:\/\/corrientesdetarde.com\/wp-content\/uploads\/2025\/04\/image-566-1024x576.png\" alt=\"\" class=\"wp-image-202339\" srcset=\"https:\/\/corrientesdetarde.com\/wp-content\/uploads\/2025\/04\/image-566-1024x576.png 1024w, https:\/\/corrientesdetarde.com\/wp-content\/uploads\/2025\/04\/image-566-300x169.png 300w, https:\/\/corrientesdetarde.com\/wp-content\/uploads\/2025\/04\/image-566-768x432.png 768w, https:\/\/corrientesdetarde.com\/wp-content\/uploads\/2025\/04\/image-566.png 1200w\" sizes=\"auto, (max-width: 1024px) 100vw, 1024px\" \/><\/figure>\n","protected":false},"excerpt":{"rendered":"<p>Una denuncia an\u00f3nima llev\u00f3 a la inspecci\u00f3n de&nbsp;un barco con bandera paraguaya que transportaba pescados de manera ilegal&nbsp;en la ciudad de Corrientes, inform\u00f3 este lunes la Prefectura Naval Argentina.&nbsp; El&hellip; <\/p>\n","protected":false},"author":1,"featured_media":202338,"comment_status":"closed","ping_status":"open","sticky":false,"template":"","format":"standard","meta":{"footnotes":""},"categories":[33],"tags":[],"class_list":["post-202337","post","type-post","status-publish","format-standard","has-post-thumbnail","hentry","category-policiales"],"_links":{"self":[{"href":"https:\/\/corrientesdetarde.com\/index.php\/wp-json\/wp\/v2\/posts\/202337","targetHints":{"allow":["GET"]}}],"collection":[{"href":"https:\/\/corrientesdetarde.com\/index.php\/wp-json\/wp\/v2\/posts"}],"about":[{"href":"https:\/\/corrientesdetarde.com\/index.php\/wp-json\/wp\/v2\/types\/post"}],"author":[{"embeddable":true,"href":"https:\/\/corrientesdetarde.com\/index.php\/wp-json\/wp\/v2\/users\/1"}],"replies":[{"embeddable":true,"href":"https:\/\/corrientesdetarde.com\/index.php\/wp-json\/wp\/v2\/comments?post=202337"}],"version-history":[{"count":1,"href":"https:\/\/corrientesdetarde.com\/index.php\/wp-json\/wp\/v2\/posts\/202337\/revisions"}],"predecessor-version":[{"id":202340,"href":"https:\/\/corrientesdetarde.com\/index.php\/wp-json\/wp\/v2\/posts\/202337\/revisions\/202340"}],"wp:featuredmedia":[{"embeddable":true,"href":"https:\/\/corrientesdetarde.com\/index.php\/wp-json\/wp\/v2\/media\/202338"}],"wp:attachment":[{"href":"https:\/\/corrientesdetarde.com\/index.php\/wp-json\/wp\/v2\/media?parent=202337"}],"wp:term":[{"taxonomy":"category","embeddable":true,"href":"https:\/\/corrientesdetarde.com\/index.php\/wp-json\/wp\/v2\/categories?post=202337"},{"taxonomy":"post_tag","embeddable":true,"href":"https:\/\/corrientesdetarde.com\/index.php\/wp-json\/wp\/v2\/tags?post=202337"}],"curies":[{"name":"wp","href":"https:\/\/api.w.org\/{rel}","templated":true}]}}