{"id":202344,"date":"2025-04-15T08:16:45","date_gmt":"2025-04-15T11:16:45","guid":{"rendered":"https:\/\/corrientesdetarde.com\/?p=202344"},"modified":"2025-04-15T08:16:49","modified_gmt":"2025-04-15T11:16:49","slug":"loan-el-americano-comenzo-una-huelga-de-hambre","status":"publish","type":"post","link":"https:\/\/corrientesdetarde.com\/index.php\/policiales\/loan-el-americano-comenzo-una-huelga-de-hambre\/","title":{"rendered":"Loan: El &#8220;Americano&#8221; comenz\u00f3 una huelga de hambre"},"content":{"rendered":"\n<p>La abogada defensora de Nicol\u00e1s Gabriel Soria, conocido como el \u201cAmericano\u201d, Sonia L\u00f3pez inform\u00f3 el lunes que su cliente empez\u00f3 una huelga de hambre en el penal donde est\u00e1 alojado.<\/p>\n\n\n\n<p>Cabe recordar que el &#8220;Americano&#8221; est\u00e1 en prisi\u00f3n preventiva, se encuentra procesado por delitos graves como secuestro, fraude y encubrimiento, en el marco de la investigaci\u00f3n por la desaparici\u00f3n del menor Loan Danilo Pe\u00f1a.<\/p>\n\n\n\n<p>A trav\u00e9s de un vivo en sus redes sociales la letrada dijo sobre su defendido que &#8220;desde anoche -domingo- est\u00e1 iniciando una protesta, una huelga de hambre de alimentos secos y de l\u00edquidos&#8221;.<\/p>\n\n\n\n<figure class=\"wp-block-image\"><img decoding=\"async\" src=\"https:\/\/pxcdn.ellitoral.com.ar\/litoral\/042025\/1744715401784\/Sin%20t%C3%ADtulo.png?cw=807\" alt=\"Caso Loan: El &quot;Americano&quot; comenz\u00f3 una huelga de hambre\" title=\"Caso Loan: El &quot;Americano&quot; comenz\u00f3 una huelga de hambre-\"\/><\/figure>\n\n\n\n<p>L\u00f3pez argument\u00f3 que &#8220;no es algo que como defensa recomendamos&#8221; pero fue contundente al decir que &#8220;\u00e9l est\u00e1 cansado de tanta impunidad, de tanta mentira, de una Justicia tan sedentaria en t\u00e9rminos de investigaci\u00f3n&#8221;.<\/p>\n\n\n\n<p>Sobre su defendido, L\u00f3pez coment\u00f3 que Soria &#8220;fue procesado antes que la gente que estuvo en el almuerzo&#8221; del que luego desapareci\u00f3 Loan.<\/p>\n\n\n\n<p>Adem\u00e1s, coment\u00f3 que su cliente fue procesado con diez personas m\u00e1s &#8220;acusadas de delitos inveros\u00edmiles, que no se pudieron probar, sin embargo &nbsp;se llega al procesamiento sin ninguna prueba fehaciente y sin que se relaten los hechos&#8221;.<\/p>\n","protected":false},"excerpt":{"rendered":"<p>La abogada defensora de Nicol\u00e1s Gabriel Soria, conocido como el \u201cAmericano\u201d, Sonia L\u00f3pez inform\u00f3 el lunes que su cliente empez\u00f3 una huelga de hambre en el penal donde est\u00e1 alojado.&hellip; <\/p>\n","protected":false},"author":1,"featured_media":202345,"comment_status":"closed","ping_status":"open","sticky":false,"template":"","format":"standard","meta":{"footnotes":""},"categories":[33],"tags":[],"class_list":["post-202344","post","type-post","status-publish","format-standard","has-post-thumbnail","hentry","category-policiales"],"_links":{"self":[{"href":"https:\/\/corrientesdetarde.com\/index.php\/wp-json\/wp\/v2\/posts\/202344","targetHints":{"allow":["GET"]}}],"collection":[{"href":"https:\/\/corrientesdetarde.com\/index.php\/wp-json\/wp\/v2\/posts"}],"about":[{"href":"https:\/\/corrientesdetarde.com\/index.php\/wp-json\/wp\/v2\/types\/post"}],"author":[{"embeddable":true,"href":"https:\/\/corrientesdetarde.com\/index.php\/wp-json\/wp\/v2\/users\/1"}],"replies":[{"embeddable":true,"href":"https:\/\/corrientesdetarde.com\/index.php\/wp-json\/wp\/v2\/comments?post=202344"}],"version-history":[{"count":1,"href":"https:\/\/corrientesdetarde.com\/index.php\/wp-json\/wp\/v2\/posts\/202344\/revisions"}],"predecessor-version":[{"id":202346,"href":"https:\/\/corrientesdetarde.com\/index.php\/wp-json\/wp\/v2\/posts\/202344\/revisions\/202346"}],"wp:featuredmedia":[{"embeddable":true,"href":"https:\/\/corrientesdetarde.com\/index.php\/wp-json\/wp\/v2\/media\/202345"}],"wp:attachment":[{"href":"https:\/\/corrientesdetarde.com\/index.php\/wp-json\/wp\/v2\/media?parent=202344"}],"wp:term":[{"taxonomy":"category","embeddable":true,"href":"https:\/\/corrientesdetarde.com\/index.php\/wp-json\/wp\/v2\/categories?post=202344"},{"taxonomy":"post_tag","embeddable":true,"href":"https:\/\/corrientesdetarde.com\/index.php\/wp-json\/wp\/v2\/tags?post=202344"}],"curies":[{"name":"wp","href":"https:\/\/api.w.org\/{rel}","templated":true}]}}