{"id":202362,"date":"2025-04-15T10:43:45","date_gmt":"2025-04-15T13:43:45","guid":{"rendered":"https:\/\/corrientesdetarde.com\/?p=202362"},"modified":"2025-04-15T10:43:48","modified_gmt":"2025-04-15T13:43:48","slug":"sebastian-kiczka-no-sabia-que-era-ilegal-mirar-estos-videos-en-internet","status":"publish","type":"post","link":"https:\/\/corrientesdetarde.com\/index.php\/crimen-y-justicia\/sebastian-kiczka-no-sabia-que-era-ilegal-mirar-estos-videos-en-internet\/","title":{"rendered":"Sebasti\u00e1n Kiczka: \u201cNo sab\u00eda que era ilegal mirar estos videos en Internet\u201d"},"content":{"rendered":"\n<p>Germ\u00e1n y Sebasti\u00e1n Kiczka, acusados de tenencia y facilitaci\u00f3n de material de abuso sexual infantil (MASI), ampliaron sus declaraciones, pero se abstuvieron de responder preguntas, mientras que el mayor sostuvo:<strong>\u00a0&#8220;No sab\u00eda que era ilegal mirar estos videos en Internet&#8221;<\/strong>. La estrategia de los hermanos contin\u00faa apuntando que Sebasti\u00e1n se haga cargo de todo.<\/p>\n\n\n\n<p><\/p>\n\n\n\n<p>El exdiputado del partido Activar, Germ\u00e1n Kiczka, pidi\u00f3 la palabra para, seg\u00fan dijo, \u201caclarar unas cuestiones\u201d vinculadas a las declaraciones que brindaron el viernes su prima Melisa y su esposa Alejandra.<\/p>\n\n\n\n<figure class=\"wp-block-image\"><img decoding=\"async\" src=\"https:\/\/pxcdn.ellitoral.com.ar\/litoral\/042025\/1744722681455\/afafa.png?cw=807\" alt=\"Sebasti\u00e1n Kiczka: \u201cNo sab\u00eda que era ilegal mirar estos videos en Internet\u201d\" title=\"Sebasti\u00e1n Kiczka: \u201cNo sab\u00eda que era ilegal mirar estos videos en Internet\u201d-\"\/><\/figure>\n\n\n\n<p>Durante su exposici\u00f3n, el menor de los hermanos, de 44 a\u00f1os, expres\u00f3 que&nbsp;<strong>\u201cestaba convencido de que le plantaron un pendrive\u201d<\/strong>&nbsp;durante el allanamiento a su vivienda. \u201cYo sab\u00eda que no ten\u00eda un pendrive en mi casa, pero me empec\u00e9 a preocupar\u201d, declar\u00f3.<\/p>\n\n\n\n<p>Germ\u00e1n record\u00f3 que su esposa le hab\u00eda entregado ese dispositivo a su padre, cuando este se compr\u00f3 una camioneta Fiat Fiorino. \u201cEra un pendrive que yo hab\u00eda utilizado porque estudiaba a distancia en aquel entonces. Bajaba apuntes, facturas y cosas del trabajo. Lo usaba para ir a imprimir a las librer\u00edas o las oficinas porque no ten\u00edamos impresora\u201d, explic\u00f3 ante el tribunal.<\/p>\n\n\n\n<p><strong>Seg\u00fan relat\u00f3, al consultarle a Sebasti\u00e1n por el dispositivo, su hermano le respondi\u00f3 que \u201clo us\u00f3, lo llev\u00f3 a mi casa y lo llev\u00f3 de vuelta a su vivienda\u201d, pero agreg\u00f3: \u201cEvidentemente, no fue as\u00ed\u201d.<\/strong><\/p>\n\n\n\n<p>Tambi\u00e9n hizo referencia a una computadora marca Lenovo, sobre la que afirm\u00f3: \u201cLe pregunt\u00e9 a Sebasti\u00e1n por la computadora y me dijo que borr\u00f3 todos los archivos. Yo jam\u00e1s me lo cruc\u00e9. Quiero que quede bien claro\u201d.<\/p>\n\n\n\n<p>En otro tramo de su declaraci\u00f3n, Germ\u00e1n Kiczka explic\u00f3 el origen del canal de YouTube llamado \u201cEl show de magia del T\u00edo Germ\u00e1n\u201d. \u201cEsa situaci\u00f3n se gener\u00f3 porque un d\u00eda se me ocurri\u00f3 grabar un truco de magia para mi sobrina. Despu\u00e9s se sumaron mi hermano Agust\u00edn, mis padres y finalmente Sebasti\u00e1n. Se convirti\u00f3 en una actividad que hac\u00edamos los domingos en familia\u201d, explic\u00f3.<\/p>\n\n\n\n<p>\u201cLleg\u00f3 a tal punto que baj\u00e9 una peque\u00f1a aplicaci\u00f3n de edici\u00f3n, agregaba aplausos y risas. Nos divert\u00edamos haciendo esas payasadas. Pasaron a ser programas de 20 minutos o media hora que eran imposibles enviar v\u00eda WhatsApp, ya que solo permit\u00eda 25 megabytes, si mal no recuerdo\u201d, detall\u00f3. \u201cMi cu\u00f1ado, que era ingeniero en sistemas, me dijo que lo suba a YouTube y le pase el link para verlo todos juntos en la tele\u201d.<\/p>\n\n\n\n<p>El imputado tambi\u00e9n se refiri\u00f3 al contenido del canal: \u201c<strong>En la filmaci\u00f3n se nombran a tres personas: mi sobrina Delfina, mi ahijado Bautista y Cayetano, el hijo de mi prima Melisa. Me doli\u00f3 much\u00edsimo que esa actividad se haya tergiversado para mostrar algo tan perverso. Los invito a que miren los videos, est\u00e1n buen\u00edsimos\u201d, concluy\u00f3.<\/strong><\/p>\n\n\n\n<p>Por su parte, Sebasti\u00e1n Kiczka, quien ser\u00e1 investigado en un expediente paralelo por distribuci\u00f3n de material de abuso sexual infantil, tambi\u00e9n se neg\u00f3 a responder preguntas y afirm\u00f3:&nbsp;<strong>\u201cNo sab\u00eda que mirar ese tipo de videos era ilegal. Para m\u00ed eso est\u00e1 en Internet y est\u00e1 al alcance\u201d.<\/strong><\/p>\n\n\n\n<p>Afirm\u00f3 adem\u00e1s que cre\u00eda haber eliminado los archivos de la computadora: \u201cUn d\u00eda, en la casa de Germ\u00e1n, me puse a tomar cerveza y aprovech\u00e9 la oportunidad para mirar esto porque soy una persona ansiosa. Se estir\u00f3 la noche, me olvid\u00e9 de la computadora, estaba convencido de que elimin\u00e9 todo para no dejar rastros, pero dej\u00e9 el pendrive\u201d.<\/p>\n\n\n\n<p>Durante la d\u00e9cima jornada del juicio, el tribunal compuesto por los jueces Gustavo Bernie, Viviana Cukla y C\u00e9sar Yaya incorpor\u00f3 por lectura las declaraciones de seis testigos presentados en la etapa de instrucci\u00f3n. Adem\u00e1s, una persona declar\u00f3 de forma presencial.<\/p>\n\n\n\n<p><strong>El veredicto se dar\u00e1 a conocer este mi\u00e9rcoles a las 8:30 en el Sal\u00f3n de Usos M\u00faltiples del Edificio de Tribunales, ubicado en la ciudad misionera de Posadas.<\/strong><\/p>\n","protected":false},"excerpt":{"rendered":"<p>Germ\u00e1n y Sebasti\u00e1n Kiczka, acusados de tenencia y facilitaci\u00f3n de material de abuso sexual infantil (MASI), ampliaron sus declaraciones, pero se abstuvieron de responder preguntas, mientras que el mayor sostuvo:\u00a0&#8220;No&hellip; <\/p>\n","protected":false},"author":1,"featured_media":202363,"comment_status":"closed","ping_status":"open","sticky":false,"template":"","format":"standard","meta":{"footnotes":""},"categories":[5],"tags":[],"class_list":["post-202362","post","type-post","status-publish","format-standard","has-post-thumbnail","hentry","category-crimen-y-justicia"],"_links":{"self":[{"href":"https:\/\/corrientesdetarde.com\/index.php\/wp-json\/wp\/v2\/posts\/202362","targetHints":{"allow":["GET"]}}],"collection":[{"href":"https:\/\/corrientesdetarde.com\/index.php\/wp-json\/wp\/v2\/posts"}],"about":[{"href":"https:\/\/corrientesdetarde.com\/index.php\/wp-json\/wp\/v2\/types\/post"}],"author":[{"embeddable":true,"href":"https:\/\/corrientesdetarde.com\/index.php\/wp-json\/wp\/v2\/users\/1"}],"replies":[{"embeddable":true,"href":"https:\/\/corrientesdetarde.com\/index.php\/wp-json\/wp\/v2\/comments?post=202362"}],"version-history":[{"count":1,"href":"https:\/\/corrientesdetarde.com\/index.php\/wp-json\/wp\/v2\/posts\/202362\/revisions"}],"predecessor-version":[{"id":202364,"href":"https:\/\/corrientesdetarde.com\/index.php\/wp-json\/wp\/v2\/posts\/202362\/revisions\/202364"}],"wp:featuredmedia":[{"embeddable":true,"href":"https:\/\/corrientesdetarde.com\/index.php\/wp-json\/wp\/v2\/media\/202363"}],"wp:attachment":[{"href":"https:\/\/corrientesdetarde.com\/index.php\/wp-json\/wp\/v2\/media?parent=202362"}],"wp:term":[{"taxonomy":"category","embeddable":true,"href":"https:\/\/corrientesdetarde.com\/index.php\/wp-json\/wp\/v2\/categories?post=202362"},{"taxonomy":"post_tag","embeddable":true,"href":"https:\/\/corrientesdetarde.com\/index.php\/wp-json\/wp\/v2\/tags?post=202362"}],"curies":[{"name":"wp","href":"https:\/\/api.w.org\/{rel}","templated":true}]}}