{"id":202368,"date":"2025-04-15T13:30:11","date_gmt":"2025-04-15T16:30:11","guid":{"rendered":"https:\/\/corrientesdetarde.com\/?p=202368"},"modified":"2025-04-15T13:30:14","modified_gmt":"2025-04-15T16:30:14","slug":"desarrollo-social-visito-a-familias-del-barrio-rio-parana","status":"publish","type":"post","link":"https:\/\/corrientesdetarde.com\/index.php\/sociales\/desarrollo-social-visito-a-familias-del-barrio-rio-parana\/","title":{"rendered":"Desarrollo Social visit\u00f3 a familias del Barrio R\u00edo Paran\u00e1"},"content":{"rendered":"\n<p>El Ministerio de Desarrollo Social de la Provincia, a trav\u00e9s de la Direcci\u00f3n de Seguridad Alimentaria visit\u00f3 este lunes a familias del Barrio R\u00edo Paran\u00e1, bajo la coordinaci\u00f3n de su titular, Lucas Carballo.<\/p>\n\n\n\n<p>En esta oportunidad se visit\u00f3 a la familia ladrillera de la barriada, respondiendo a&nbsp;las solicitudes hechas en una anterior visita, donde se les otorg\u00f3 &nbsp;herramientas variadas&nbsp;para continuar este gran emprendimiento&nbsp;mediante el cual sostienen a sus familias.<\/p>\n\n\n\n<p>Cabe mencionar que desde el Ministerio y sus &nbsp;diferentes \u00e1reas y &nbsp;direcciones, se contin\u00faa&nbsp;acompa\u00f1ando y apoyando en esta gran labor a los vecinos de dicha zona.<\/p>\n\n\n\n<figure class=\"wp-block-image size-large\"><img loading=\"lazy\" decoding=\"async\" width=\"768\" height=\"1024\" src=\"https:\/\/corrientesdetarde.com\/wp-content\/uploads\/2025\/04\/image-575-768x1024.png\" alt=\"\" class=\"wp-image-202369\" srcset=\"https:\/\/corrientesdetarde.com\/wp-content\/uploads\/2025\/04\/image-575-768x1024.png 768w, https:\/\/corrientesdetarde.com\/wp-content\/uploads\/2025\/04\/image-575-225x300.png 225w, https:\/\/corrientesdetarde.com\/wp-content\/uploads\/2025\/04\/image-575-1152x1536.png 1152w, https:\/\/corrientesdetarde.com\/wp-content\/uploads\/2025\/04\/image-575.png 1200w\" sizes=\"auto, (max-width: 768px) 100vw, 768px\" \/><\/figure>\n\n\n\n<figure class=\"wp-block-image size-large\"><img loading=\"lazy\" decoding=\"async\" width=\"576\" height=\"1024\" src=\"https:\/\/corrientesdetarde.com\/wp-content\/uploads\/2025\/04\/image-577-576x1024.png\" alt=\"\" class=\"wp-image-202371\" srcset=\"https:\/\/corrientesdetarde.com\/wp-content\/uploads\/2025\/04\/image-577-576x1024.png 576w, https:\/\/corrientesdetarde.com\/wp-content\/uploads\/2025\/04\/image-577-169x300.png 169w, https:\/\/corrientesdetarde.com\/wp-content\/uploads\/2025\/04\/image-577-768x1365.png 768w, https:\/\/corrientesdetarde.com\/wp-content\/uploads\/2025\/04\/image-577-864x1536.png 864w, https:\/\/corrientesdetarde.com\/wp-content\/uploads\/2025\/04\/image-577.png 900w\" sizes=\"auto, (max-width: 576px) 100vw, 576px\" \/><\/figure>\n\n\n\n<figure class=\"wp-block-image size-large\"><img loading=\"lazy\" decoding=\"async\" width=\"576\" height=\"1024\" src=\"https:\/\/corrientesdetarde.com\/wp-content\/uploads\/2025\/04\/image-578-576x1024.png\" alt=\"\" class=\"wp-image-202372\" srcset=\"https:\/\/corrientesdetarde.com\/wp-content\/uploads\/2025\/04\/image-578-576x1024.png 576w, https:\/\/corrientesdetarde.com\/wp-content\/uploads\/2025\/04\/image-578-169x300.png 169w, https:\/\/corrientesdetarde.com\/wp-content\/uploads\/2025\/04\/image-578-768x1365.png 768w, https:\/\/corrientesdetarde.com\/wp-content\/uploads\/2025\/04\/image-578-864x1536.png 864w, https:\/\/corrientesdetarde.com\/wp-content\/uploads\/2025\/04\/image-578.png 900w\" sizes=\"auto, (max-width: 576px) 100vw, 576px\" \/><\/figure>\n","protected":false},"excerpt":{"rendered":"<p>El Ministerio de Desarrollo Social de la Provincia, a trav\u00e9s de la Direcci\u00f3n de Seguridad Alimentaria visit\u00f3 este lunes a familias del Barrio R\u00edo Paran\u00e1, bajo la coordinaci\u00f3n de su&hellip; <\/p>\n","protected":false},"author":8,"featured_media":202370,"comment_status":"closed","ping_status":"open","sticky":false,"template":"","format":"standard","meta":{"footnotes":""},"categories":[17],"tags":[],"class_list":["post-202368","post","type-post","status-publish","format-standard","has-post-thumbnail","hentry","category-sociales"],"_links":{"self":[{"href":"https:\/\/corrientesdetarde.com\/index.php\/wp-json\/wp\/v2\/posts\/202368","targetHints":{"allow":["GET"]}}],"collection":[{"href":"https:\/\/corrientesdetarde.com\/index.php\/wp-json\/wp\/v2\/posts"}],"about":[{"href":"https:\/\/corrientesdetarde.com\/index.php\/wp-json\/wp\/v2\/types\/post"}],"author":[{"embeddable":true,"href":"https:\/\/corrientesdetarde.com\/index.php\/wp-json\/wp\/v2\/users\/8"}],"replies":[{"embeddable":true,"href":"https:\/\/corrientesdetarde.com\/index.php\/wp-json\/wp\/v2\/comments?post=202368"}],"version-history":[{"count":1,"href":"https:\/\/corrientesdetarde.com\/index.php\/wp-json\/wp\/v2\/posts\/202368\/revisions"}],"predecessor-version":[{"id":202373,"href":"https:\/\/corrientesdetarde.com\/index.php\/wp-json\/wp\/v2\/posts\/202368\/revisions\/202373"}],"wp:featuredmedia":[{"embeddable":true,"href":"https:\/\/corrientesdetarde.com\/index.php\/wp-json\/wp\/v2\/media\/202370"}],"wp:attachment":[{"href":"https:\/\/corrientesdetarde.com\/index.php\/wp-json\/wp\/v2\/media?parent=202368"}],"wp:term":[{"taxonomy":"category","embeddable":true,"href":"https:\/\/corrientesdetarde.com\/index.php\/wp-json\/wp\/v2\/categories?post=202368"},{"taxonomy":"post_tag","embeddable":true,"href":"https:\/\/corrientesdetarde.com\/index.php\/wp-json\/wp\/v2\/tags?post=202368"}],"curies":[{"name":"wp","href":"https:\/\/api.w.org\/{rel}","templated":true}]}}