{"id":202374,"date":"2025-04-15T13:34:37","date_gmt":"2025-04-15T16:34:37","guid":{"rendered":"https:\/\/corrientesdetarde.com\/?p=202374"},"modified":"2025-04-15T13:34:40","modified_gmt":"2025-04-15T16:34:40","slug":"se-inauguro-la-muestra-en-homenaje-al-maestro-artesano-juan-caceres","status":"publish","type":"post","link":"https:\/\/corrientesdetarde.com\/index.php\/cultura\/se-inauguro-la-muestra-en-homenaje-al-maestro-artesano-juan-caceres\/","title":{"rendered":"Se inaugur\u00f3 la muestra en homenaje al maestro artesano Juan C\u00e1ceres"},"content":{"rendered":"\n<p>&nbsp;El Gobierno de la Provincia de Corrientes, a trav\u00e9s del Instituto de Cultura y su presidente Beatriz Kunin, junto al Museo de Artesan\u00edas Tradicionales (Quintana 905), inauguraron la muestra homenaje al maestro artesano Juan C\u00e1ceres. La apertura se realiz\u00f3 ayer lunes, y la exposici\u00f3n estar\u00e1 habilitada hasta fines de abril.<\/p>\n\n\n\n<p>\u201cInvitamos a todos a visitar esta muestra del maestro Juan Andr\u00e9s C\u00e1ceres\u201d, destac\u00f3 en la apertura de la muestra la presidente del Instituto de Cultura Beatriz Kunin. Tambi\u00e9n el artesano, junto al director del Museo Sergio Cabrera, agradecieron el acompa\u00f1amiento del p\u00fablico presente.<\/p>\n\n\n\n<p>Desde el Museo de Artesan\u00edas Tradicionales destacaron que la muestra tiene su impronta en las piezas de imaginer\u00eda de Juan Andr\u00e9s C\u00e1ceres. De esta manera, se dedicar\u00e1 el mes de abril para rendir homenaje al veterano de Malvinas y maestro artesano imaginero, quien tambi\u00e9n fue uno de los fundadores del Museo.<\/p>\n\n\n\n<p>Se trata de un artesano de extensa trayectoria, reconocido a nivel nacional e internacional por sus trabajos en arte sacro y popular, y en esta oportunidad se exponen piezas de su colecci\u00f3n privada, al igual que algunas de coleccionistas privados y del patrimonio del Museo.<\/p>\n\n\n\n<figure class=\"wp-block-image size-large\"><img loading=\"lazy\" decoding=\"async\" width=\"1024\" height=\"576\" src=\"https:\/\/corrientesdetarde.com\/wp-content\/uploads\/2025\/04\/image-579-1024x576.png\" alt=\"\" class=\"wp-image-202375\" srcset=\"https:\/\/corrientesdetarde.com\/wp-content\/uploads\/2025\/04\/image-579-1024x576.png 1024w, https:\/\/corrientesdetarde.com\/wp-content\/uploads\/2025\/04\/image-579-300x169.png 300w, https:\/\/corrientesdetarde.com\/wp-content\/uploads\/2025\/04\/image-579-768x432.png 768w, https:\/\/corrientesdetarde.com\/wp-content\/uploads\/2025\/04\/image-579-1536x864.png 1536w, https:\/\/corrientesdetarde.com\/wp-content\/uploads\/2025\/04\/image-579.png 1920w\" sizes=\"auto, (max-width: 1024px) 100vw, 1024px\" \/><\/figure>\n\n\n\n<figure class=\"wp-block-image size-large\"><img loading=\"lazy\" decoding=\"async\" width=\"870\" height=\"1024\" src=\"https:\/\/corrientesdetarde.com\/wp-content\/uploads\/2025\/04\/image-580-870x1024.png\" alt=\"\" class=\"wp-image-202376\" srcset=\"https:\/\/corrientesdetarde.com\/wp-content\/uploads\/2025\/04\/image-580-870x1024.png 870w, https:\/\/corrientesdetarde.com\/wp-content\/uploads\/2025\/04\/image-580-255x300.png 255w, https:\/\/corrientesdetarde.com\/wp-content\/uploads\/2025\/04\/image-580-768x904.png 768w, https:\/\/corrientesdetarde.com\/wp-content\/uploads\/2025\/04\/image-580-1305x1536.png 1305w, https:\/\/corrientesdetarde.com\/wp-content\/uploads\/2025\/04\/image-580-1740x2048.png 1740w, https:\/\/corrientesdetarde.com\/wp-content\/uploads\/2025\/04\/image-580.png 1920w\" sizes=\"auto, (max-width: 870px) 100vw, 870px\" \/><\/figure>\n\n\n\n<figure class=\"wp-block-image size-large\"><img loading=\"lazy\" decoding=\"async\" width=\"1024\" height=\"576\" src=\"https:\/\/corrientesdetarde.com\/wp-content\/uploads\/2025\/04\/image-581-1024x576.png\" alt=\"\" class=\"wp-image-202377\" srcset=\"https:\/\/corrientesdetarde.com\/wp-content\/uploads\/2025\/04\/image-581-1024x576.png 1024w, https:\/\/corrientesdetarde.com\/wp-content\/uploads\/2025\/04\/image-581-300x169.png 300w, https:\/\/corrientesdetarde.com\/wp-content\/uploads\/2025\/04\/image-581-768x432.png 768w, https:\/\/corrientesdetarde.com\/wp-content\/uploads\/2025\/04\/image-581-1536x864.png 1536w, https:\/\/corrientesdetarde.com\/wp-content\/uploads\/2025\/04\/image-581.png 1920w\" sizes=\"auto, (max-width: 1024px) 100vw, 1024px\" \/><\/figure>\n\n\n\n<figure class=\"wp-block-image size-large\"><img loading=\"lazy\" decoding=\"async\" width=\"1024\" height=\"576\" src=\"https:\/\/corrientesdetarde.com\/wp-content\/uploads\/2025\/04\/image-582-1024x576.png\" alt=\"\" class=\"wp-image-202378\" srcset=\"https:\/\/corrientesdetarde.com\/wp-content\/uploads\/2025\/04\/image-582-1024x576.png 1024w, https:\/\/corrientesdetarde.com\/wp-content\/uploads\/2025\/04\/image-582-300x169.png 300w, https:\/\/corrientesdetarde.com\/wp-content\/uploads\/2025\/04\/image-582-768x432.png 768w, https:\/\/corrientesdetarde.com\/wp-content\/uploads\/2025\/04\/image-582-1536x864.png 1536w, https:\/\/corrientesdetarde.com\/wp-content\/uploads\/2025\/04\/image-582.png 1920w\" sizes=\"auto, (max-width: 1024px) 100vw, 1024px\" \/><\/figure>\n\n\n\n<figure class=\"wp-block-image size-large\"><img loading=\"lazy\" decoding=\"async\" width=\"768\" height=\"1024\" src=\"https:\/\/corrientesdetarde.com\/wp-content\/uploads\/2025\/04\/image-583-768x1024.png\" alt=\"\" class=\"wp-image-202379\" srcset=\"https:\/\/corrientesdetarde.com\/wp-content\/uploads\/2025\/04\/image-583-768x1024.png 768w, https:\/\/corrientesdetarde.com\/wp-content\/uploads\/2025\/04\/image-583-225x300.png 225w, https:\/\/corrientesdetarde.com\/wp-content\/uploads\/2025\/04\/image-583-1152x1536.png 1152w, https:\/\/corrientesdetarde.com\/wp-content\/uploads\/2025\/04\/image-583-1536x2048.png 1536w, https:\/\/corrientesdetarde.com\/wp-content\/uploads\/2025\/04\/image-583.png 1920w\" sizes=\"auto, (max-width: 768px) 100vw, 768px\" \/><\/figure>\n","protected":false},"excerpt":{"rendered":"<p>&nbsp;El Gobierno de la Provincia de Corrientes, a trav\u00e9s del Instituto de Cultura y su presidente Beatriz Kunin, junto al Museo de Artesan\u00edas Tradicionales (Quintana 905), inauguraron la muestra homenaje&hellip; <\/p>\n","protected":false},"author":8,"featured_media":202379,"comment_status":"closed","ping_status":"open","sticky":false,"template":"","format":"standard","meta":{"footnotes":""},"categories":[15],"tags":[],"class_list":["post-202374","post","type-post","status-publish","format-standard","has-post-thumbnail","hentry","category-cultura"],"_links":{"self":[{"href":"https:\/\/corrientesdetarde.com\/index.php\/wp-json\/wp\/v2\/posts\/202374","targetHints":{"allow":["GET"]}}],"collection":[{"href":"https:\/\/corrientesdetarde.com\/index.php\/wp-json\/wp\/v2\/posts"}],"about":[{"href":"https:\/\/corrientesdetarde.com\/index.php\/wp-json\/wp\/v2\/types\/post"}],"author":[{"embeddable":true,"href":"https:\/\/corrientesdetarde.com\/index.php\/wp-json\/wp\/v2\/users\/8"}],"replies":[{"embeddable":true,"href":"https:\/\/corrientesdetarde.com\/index.php\/wp-json\/wp\/v2\/comments?post=202374"}],"version-history":[{"count":1,"href":"https:\/\/corrientesdetarde.com\/index.php\/wp-json\/wp\/v2\/posts\/202374\/revisions"}],"predecessor-version":[{"id":202380,"href":"https:\/\/corrientesdetarde.com\/index.php\/wp-json\/wp\/v2\/posts\/202374\/revisions\/202380"}],"wp:featuredmedia":[{"embeddable":true,"href":"https:\/\/corrientesdetarde.com\/index.php\/wp-json\/wp\/v2\/media\/202379"}],"wp:attachment":[{"href":"https:\/\/corrientesdetarde.com\/index.php\/wp-json\/wp\/v2\/media?parent=202374"}],"wp:term":[{"taxonomy":"category","embeddable":true,"href":"https:\/\/corrientesdetarde.com\/index.php\/wp-json\/wp\/v2\/categories?post=202374"},{"taxonomy":"post_tag","embeddable":true,"href":"https:\/\/corrientesdetarde.com\/index.php\/wp-json\/wp\/v2\/tags?post=202374"}],"curies":[{"name":"wp","href":"https:\/\/api.w.org\/{rel}","templated":true}]}}