{"id":20257,"date":"2022-11-16T16:00:22","date_gmt":"2022-11-16T19:00:22","guid":{"rendered":"https:\/\/corrientesdetarde.com\/?p=20257"},"modified":"2022-11-16T16:00:27","modified_gmt":"2022-11-16T19:00:27","slug":"valdes-recibio-a-macri-en-goya-y-juntos-recorrieron-la-costanera-que-reconstruira-el-gobierno-provincial","status":"publish","type":"post","link":"https:\/\/corrientesdetarde.com\/index.php\/locales\/valdes-recibio-a-macri-en-goya-y-juntos-recorrieron-la-costanera-que-reconstruira-el-gobierno-provincial\/","title":{"rendered":"Vald\u00e9s recibi\u00f3 a Macri en Goya y juntos recorrieron la costanera que reconstruir\u00e1 el Gobierno provincial"},"content":{"rendered":"\n<p>El gobernador de Corrientes, Gustavo Vald\u00e9s recibi\u00f3 este mi\u00e9rcoles por la ma\u00f1ana en la ciudad de Goya al ex presidente Mauricio Macri, quien durante la tarde presentar\u00e1&nbsp;su \u00faltimo libro en la capital provincial. En este primer encuentro de la jornada, ambos recorrieron la zona de la costanera goyana que sufri\u00f3 recientemente un desmoronamiento por la crecida del&nbsp;r\u00edo y all\u00ed el mandatario provincial ratific\u00f3 su compromiso de reconstrucci\u00f3n.<\/p>\n\n\n\n<p>&#8220;Aqu\u00ed, en conjunto con la Municipalidad, vamos a reconstruir la parte afectada para recuperar uno de los principales puntos de encuentro de los goyanos&#8221;, poste\u00f3 el Gobernador en sus redes con fotograf\u00edas junto al ex presidente.<\/p>\n\n\n\n<p>Mientras que a la prensa, detall\u00f3 al respecto que &#8220;primero tenemos que hacer la protecci\u00f3n costera, despu\u00e9s lo que pongamos arriba seguramente iremos con un proyecto m\u00e1s grande, lo importante aqu\u00ed es que urgentemente hagamos la protecci\u00f3n y luego veremos c\u00f3mo vamos a ir avanzando\u201d.<\/p>\n\n\n\n<p>Por su parte, Macri apreci\u00f3 que &#8220;a Goya la veo con muchas m\u00e1s obras, producto de un gran gobernador como Gustavo Vald\u00e9s y de los intendentes, del que estuvo y del que est\u00e1 ahora\u201d.<\/p>\n\n\n\n<p>En este sentido, Vald\u00e9s se refiri\u00f3 a las obras de pavimentaci\u00f3n que se est\u00e1n realizando tanto en la avenida Leandro N. Alem como en la D\u00edaz Colodrero en la zona Sur.&nbsp;\u201cTenemos que seguir invirtiendo en Goya en todo lo que tiene que ver con la infraestructura de las calles, que es fundamental para el crecimiento de la ciudad\u201d, afirm\u00f3.<\/p>\n\n\n\n<p>En tanto, el Gobernador tambi\u00e9n consider\u00f3 avanzada&nbsp;la obra del segundo hospital pedi\u00e1trico de la provincia en Goya. \u201cTenemos premura, queremos invertir, son obras de infraestructura hospitalaria para Goya y la regi\u00f3n, es fundamental tener el segundo hospital de ni\u00f1os\u201d, se\u00f1al\u00f3 al respecto.<\/p>\n\n\n\n<p><strong>Para qu\u00e9<\/strong><\/p>\n\n\n\n<p>Macri lleg\u00f3 a la provincia para presentar a las 17 en el Auditorio Juli\u00e1n Zini, ubicado en el Centro Administrativo de la ciudad de Corrientes, su \u00faltimo libro titulado &#8220;Para qu\u00e9&#8221; en el que describe su visi\u00f3n del rumbo&nbsp;que deber\u00eda adoptar la Argentina a partir de un cambio de gobierno en el pr\u00f3ximo a\u00f1o.&nbsp;En la oportunidad lo acompa\u00f1ar\u00e1 Vald\u00e9s, quien se\u00f1al\u00f3 desde Goya junto al ex presidente: \u201cMacri cuando era presidente visit\u00f3 repetidas veces Corrientes, nos ha dado un espaldarazo muy grande a los correntinos, nunca nos discrimin\u00f3, muy por el contrario, nos ayud\u00f3 mucho&#8221;.<\/p>\n\n\n\n<p>No obstante, consultado sobre posibles candidaturas presidenciales, el gobernador correntino fue muy claro al responder que &#8220;primero tenemos que hablar del proyecto pol\u00edtico, arriar los egos y poner el proyecto por encima de los nombres&#8221;. Y en este sentido, Vald\u00e9s cuestion\u00f3: \u201cQui\u00e9n puede estar en desacuerdo en que tenemos que darle m\u00e1s impulso a la industria, a la producci\u00f3n, tenemos que bajar la inflaci\u00f3n, tenemos que dejar de lado el populismo; por primera vez los argentinos tenemos que decirnos cu\u00e1l es la situaci\u00f3n, d\u00f3nde estamos y hacia d\u00f3nde queremos ir\u201d.<\/p>\n\n\n\n<figure class=\"wp-block-image size-large\"><img loading=\"lazy\" decoding=\"async\" width=\"1024\" height=\"682\" src=\"https:\/\/corrientesdetarde.com\/wp-content\/uploads\/2022\/11\/image-191-1024x682.png\" alt=\"\" class=\"wp-image-20258\" srcset=\"https:\/\/corrientesdetarde.com\/wp-content\/uploads\/2022\/11\/image-191-1024x682.png 1024w, https:\/\/corrientesdetarde.com\/wp-content\/uploads\/2022\/11\/image-191-300x200.png 300w, https:\/\/corrientesdetarde.com\/wp-content\/uploads\/2022\/11\/image-191-768x512.png 768w, https:\/\/corrientesdetarde.com\/wp-content\/uploads\/2022\/11\/image-191-272x182.png 272w, https:\/\/corrientesdetarde.com\/wp-content\/uploads\/2022\/11\/image-191.png 1280w\" sizes=\"auto, (max-width: 1024px) 100vw, 1024px\" \/><\/figure>\n\n\n\n<figure class=\"wp-block-image size-large\"><img loading=\"lazy\" decoding=\"async\" width=\"1024\" height=\"682\" src=\"https:\/\/corrientesdetarde.com\/wp-content\/uploads\/2022\/11\/image-192-1024x682.png\" alt=\"\" class=\"wp-image-20259\" srcset=\"https:\/\/corrientesdetarde.com\/wp-content\/uploads\/2022\/11\/image-192-1024x682.png 1024w, https:\/\/corrientesdetarde.com\/wp-content\/uploads\/2022\/11\/image-192-300x200.png 300w, https:\/\/corrientesdetarde.com\/wp-content\/uploads\/2022\/11\/image-192-768x512.png 768w, https:\/\/corrientesdetarde.com\/wp-content\/uploads\/2022\/11\/image-192-272x182.png 272w, https:\/\/corrientesdetarde.com\/wp-content\/uploads\/2022\/11\/image-192.png 1280w\" sizes=\"auto, (max-width: 1024px) 100vw, 1024px\" \/><\/figure>\n\n\n\n<figure class=\"wp-block-image size-large\"><img loading=\"lazy\" decoding=\"async\" width=\"1024\" height=\"682\" src=\"https:\/\/corrientesdetarde.com\/wp-content\/uploads\/2022\/11\/image-193-1024x682.png\" alt=\"\" class=\"wp-image-20260\" srcset=\"https:\/\/corrientesdetarde.com\/wp-content\/uploads\/2022\/11\/image-193-1024x682.png 1024w, https:\/\/corrientesdetarde.com\/wp-content\/uploads\/2022\/11\/image-193-300x200.png 300w, https:\/\/corrientesdetarde.com\/wp-content\/uploads\/2022\/11\/image-193-768x512.png 768w, https:\/\/corrientesdetarde.com\/wp-content\/uploads\/2022\/11\/image-193-272x182.png 272w, https:\/\/corrientesdetarde.com\/wp-content\/uploads\/2022\/11\/image-193.png 1280w\" sizes=\"auto, (max-width: 1024px) 100vw, 1024px\" \/><\/figure>\n\n\n\n<figure class=\"wp-block-image size-large\"><img loading=\"lazy\" decoding=\"async\" width=\"1024\" height=\"683\" src=\"https:\/\/corrientesdetarde.com\/wp-content\/uploads\/2022\/11\/image-194-1024x683.png\" alt=\"\" class=\"wp-image-20261\" srcset=\"https:\/\/corrientesdetarde.com\/wp-content\/uploads\/2022\/11\/image-194-1024x683.png 1024w, https:\/\/corrientesdetarde.com\/wp-content\/uploads\/2022\/11\/image-194-300x200.png 300w, https:\/\/corrientesdetarde.com\/wp-content\/uploads\/2022\/11\/image-194-768x512.png 768w, https:\/\/corrientesdetarde.com\/wp-content\/uploads\/2022\/11\/image-194-1536x1024.png 1536w, https:\/\/corrientesdetarde.com\/wp-content\/uploads\/2022\/11\/image-194-2048x1365.png 2048w, https:\/\/corrientesdetarde.com\/wp-content\/uploads\/2022\/11\/image-194-272x182.png 272w\" sizes=\"auto, (max-width: 1024px) 100vw, 1024px\" \/><\/figure>\n\n\n\n<figure class=\"wp-block-image size-large\"><img loading=\"lazy\" decoding=\"async\" width=\"1024\" height=\"741\" src=\"https:\/\/corrientesdetarde.com\/wp-content\/uploads\/2022\/11\/image-195-1024x741.png\" alt=\"\" class=\"wp-image-20262\" srcset=\"https:\/\/corrientesdetarde.com\/wp-content\/uploads\/2022\/11\/image-195-1024x741.png 1024w, https:\/\/corrientesdetarde.com\/wp-content\/uploads\/2022\/11\/image-195-300x217.png 300w, https:\/\/corrientesdetarde.com\/wp-content\/uploads\/2022\/11\/image-195-768x556.png 768w, https:\/\/corrientesdetarde.com\/wp-content\/uploads\/2022\/11\/image-195-1536x1112.png 1536w, https:\/\/corrientesdetarde.com\/wp-content\/uploads\/2022\/11\/image-195-2048x1483.png 2048w\" sizes=\"auto, (max-width: 1024px) 100vw, 1024px\" \/><\/figure>\n","protected":false},"excerpt":{"rendered":"<p>El gobernador de Corrientes, Gustavo Vald\u00e9s recibi\u00f3 este mi\u00e9rcoles por la ma\u00f1ana en la ciudad de Goya al ex presidente Mauricio Macri, quien durante la tarde presentar\u00e1&nbsp;su \u00faltimo libro en&hellip; <\/p>\n","protected":false},"author":8,"featured_media":20263,"comment_status":"closed","ping_status":"open","sticky":false,"template":"","format":"standard","meta":{"footnotes":""},"categories":[8],"tags":[],"class_list":["post-20257","post","type-post","status-publish","format-standard","has-post-thumbnail","hentry","category-locales"],"_links":{"self":[{"href":"https:\/\/corrientesdetarde.com\/index.php\/wp-json\/wp\/v2\/posts\/20257","targetHints":{"allow":["GET"]}}],"collection":[{"href":"https:\/\/corrientesdetarde.com\/index.php\/wp-json\/wp\/v2\/posts"}],"about":[{"href":"https:\/\/corrientesdetarde.com\/index.php\/wp-json\/wp\/v2\/types\/post"}],"author":[{"embeddable":true,"href":"https:\/\/corrientesdetarde.com\/index.php\/wp-json\/wp\/v2\/users\/8"}],"replies":[{"embeddable":true,"href":"https:\/\/corrientesdetarde.com\/index.php\/wp-json\/wp\/v2\/comments?post=20257"}],"version-history":[{"count":1,"href":"https:\/\/corrientesdetarde.com\/index.php\/wp-json\/wp\/v2\/posts\/20257\/revisions"}],"predecessor-version":[{"id":20264,"href":"https:\/\/corrientesdetarde.com\/index.php\/wp-json\/wp\/v2\/posts\/20257\/revisions\/20264"}],"wp:featuredmedia":[{"embeddable":true,"href":"https:\/\/corrientesdetarde.com\/index.php\/wp-json\/wp\/v2\/media\/20263"}],"wp:attachment":[{"href":"https:\/\/corrientesdetarde.com\/index.php\/wp-json\/wp\/v2\/media?parent=20257"}],"wp:term":[{"taxonomy":"category","embeddable":true,"href":"https:\/\/corrientesdetarde.com\/index.php\/wp-json\/wp\/v2\/categories?post=20257"},{"taxonomy":"post_tag","embeddable":true,"href":"https:\/\/corrientesdetarde.com\/index.php\/wp-json\/wp\/v2\/tags?post=20257"}],"curies":[{"name":"wp","href":"https:\/\/api.w.org\/{rel}","templated":true}]}}