{"id":202629,"date":"2025-04-16T18:00:05","date_gmt":"2025-04-16T21:00:05","guid":{"rendered":"https:\/\/corrientesdetarde.com\/?p=202629"},"modified":"2025-04-16T18:00:09","modified_gmt":"2025-04-16T21:00:09","slug":"este-lunes-21-inicia-el-pago-del-plus-especial-a-municipales","status":"publish","type":"post","link":"https:\/\/corrientesdetarde.com\/index.php\/sociales\/este-lunes-21-inicia-el-pago-del-plus-especial-a-municipales\/","title":{"rendered":"Este lunes 21 inicia el pago del plus especial a municipales"},"content":{"rendered":"\n<p><em>El cronograma se extender\u00e1 hasta el mi\u00e9rcoles 23, seg\u00fan lo anunci\u00f3 el intendente Eduardo Tassano a trav\u00e9s de sus redes sociales.<\/em><\/p>\n\n\n\n<p>Los trabajadores de planta, contrato y los agentes Neike bancarizados tendr\u00e1n depositado el pago del plus especial en sus respectivas cuentas bancarias desde este lunes 21 de abril, dinero al que podr\u00e1n acceder a trav\u00e9s de los cajeros autom\u00e1ticos habilitados.<\/p>\n\n\n\n<p>Por su parte, aquellos trabajadores Neike que no est\u00e1n bancarizados deber\u00e1n dirigirse a la Caja Municipal de Pr\u00e9stamos (CMP), en su sede central, ubicada en Brasil 1269. Los pagos se realizan de lunes a viernes, de 7:30 a 12:30 y de 16 a 20.<\/p>\n\n\n\n<p>En este caso, el lunes 21 les corresponder\u00e1 cobrar a los trabajadores cuyos DNI terminen en 0, 1 y 2; el martes 22, a los agentes con DNI finalizados en 3, 4, 5 y 6; y el mi\u00e9rcoles 23, a los que tengan documentos que finalicen en 7, 8 y 9.<\/p>\n\n\n\n<p>En tanto, los Neike bancarizados pero que no poseen tarjeta de d\u00e9bito, deber\u00e1n cobrar por ventanilla del Banco de Corrientes (sucursal av. Teniente Ib\u00e1\u00f1ez 1826) de acuerdo al cronograma detallado anteriormente.<\/p>\n\n\n\n<figure class=\"wp-block-image size-large\"><img loading=\"lazy\" decoding=\"async\" width=\"644\" height=\"1024\" src=\"https:\/\/corrientesdetarde.com\/wp-content\/uploads\/2025\/04\/image-670-644x1024.png\" alt=\"\" class=\"wp-image-202645\" srcset=\"https:\/\/corrientesdetarde.com\/wp-content\/uploads\/2025\/04\/image-670-644x1024.png 644w, https:\/\/corrientesdetarde.com\/wp-content\/uploads\/2025\/04\/image-670-189x300.png 189w, https:\/\/corrientesdetarde.com\/wp-content\/uploads\/2025\/04\/image-670-768x1221.png 768w, https:\/\/corrientesdetarde.com\/wp-content\/uploads\/2025\/04\/image-670-966x1536.png 966w, https:\/\/corrientesdetarde.com\/wp-content\/uploads\/2025\/04\/image-670.png 1006w\" sizes=\"auto, (max-width: 644px) 100vw, 644px\" \/><\/figure>\n","protected":false},"excerpt":{"rendered":"<p>El cronograma se extender\u00e1 hasta el mi\u00e9rcoles 23, seg\u00fan lo anunci\u00f3 el intendente Eduardo Tassano a trav\u00e9s de sus redes sociales. Los trabajadores de planta, contrato y los agentes Neike&hellip; <\/p>\n","protected":false},"author":1,"featured_media":189790,"comment_status":"closed","ping_status":"open","sticky":false,"template":"","format":"standard","meta":{"footnotes":""},"categories":[20,17],"tags":[],"class_list":["post-202629","post","type-post","status-publish","format-standard","has-post-thumbnail","hentry","category-economia","category-sociales"],"_links":{"self":[{"href":"https:\/\/corrientesdetarde.com\/index.php\/wp-json\/wp\/v2\/posts\/202629","targetHints":{"allow":["GET"]}}],"collection":[{"href":"https:\/\/corrientesdetarde.com\/index.php\/wp-json\/wp\/v2\/posts"}],"about":[{"href":"https:\/\/corrientesdetarde.com\/index.php\/wp-json\/wp\/v2\/types\/post"}],"author":[{"embeddable":true,"href":"https:\/\/corrientesdetarde.com\/index.php\/wp-json\/wp\/v2\/users\/1"}],"replies":[{"embeddable":true,"href":"https:\/\/corrientesdetarde.com\/index.php\/wp-json\/wp\/v2\/comments?post=202629"}],"version-history":[{"count":1,"href":"https:\/\/corrientesdetarde.com\/index.php\/wp-json\/wp\/v2\/posts\/202629\/revisions"}],"predecessor-version":[{"id":202646,"href":"https:\/\/corrientesdetarde.com\/index.php\/wp-json\/wp\/v2\/posts\/202629\/revisions\/202646"}],"wp:featuredmedia":[{"embeddable":true,"href":"https:\/\/corrientesdetarde.com\/index.php\/wp-json\/wp\/v2\/media\/189790"}],"wp:attachment":[{"href":"https:\/\/corrientesdetarde.com\/index.php\/wp-json\/wp\/v2\/media?parent=202629"}],"wp:term":[{"taxonomy":"category","embeddable":true,"href":"https:\/\/corrientesdetarde.com\/index.php\/wp-json\/wp\/v2\/categories?post=202629"},{"taxonomy":"post_tag","embeddable":true,"href":"https:\/\/corrientesdetarde.com\/index.php\/wp-json\/wp\/v2\/tags?post=202629"}],"curies":[{"name":"wp","href":"https:\/\/api.w.org\/{rel}","templated":true}]}}