{"id":202631,"date":"2025-04-16T17:55:39","date_gmt":"2025-04-16T20:55:39","guid":{"rendered":"https:\/\/corrientesdetarde.com\/?p=202631"},"modified":"2025-04-16T17:55:41","modified_gmt":"2025-04-16T20:55:41","slug":"en-goya-el-gobernador-hizo-entrega-de-72-viviendas-del-invico","status":"publish","type":"post","link":"https:\/\/corrientesdetarde.com\/index.php\/sociales\/en-goya-el-gobernador-hizo-entrega-de-72-viviendas-del-invico\/","title":{"rendered":"En Goya, el Gobernador hizo entrega de 72 viviendas del INVICO"},"content":{"rendered":"\n<p>Continuando con su estad\u00eda en Goya, el gobernador Gustavo Vald\u00e9s hizo entrega este mi\u00e9rcoles de 72 unidades habitacionales del Instituto de Viviendas de Corrientes (INVICO), donde remarc\u00f3 que la terminaci\u00f3n de los mismos fue ejecutado con recursos provinciales e inst\u00f3 a las nuevas familias ahora a \u201cconstruir su hogar\u201d. Adem\u00e1s, habilit\u00f3 8 km de enripiado en el paraje Maruchitas, y se comprometi\u00f3 a refaccionar a nuevo la Escuela Centenaria N\u00b0543 de la zona.<\/p>\n\n\n\n<p><\/p>\n\n\n\n<p>Se trata de 72 unidades enmarcadas en el programa Casa Propia, de 74 metros cuadrados, dotadas con termotanques, cocinas, dos habitaciones y \u201ctoda la infraestructura necesaria para su habitabilidad\u201d, cont\u00f3 el interventor de INVICO, Lizardo Gonz\u00e1lez. Entre esos servicios, enumer\u00f3 el tendido de red el\u00e9ctrica, de agua potable, enripiado y cord\u00f3n cuneta.<\/p>\n\n\n\n<p>El Gobernador resalt\u00f3 que la conclusi\u00f3n de estas casas forma parte de una serie de obras que la Provincia absorbi\u00f3 de Naci\u00f3n, que en total contabilizan 50.000 millones de pesos. \u201cEsta es la muestra que nosotros cumplimos, ahora ellos tienen que cumplir con sus obras\u201d, dijo haciendo referencia a la autov\u00eda de ingreso a Capital, la planta de l\u00edquidos cloacales y los arreglos en la Ruta Nacional 126.<\/p>\n\n\n\n<p>\u201cEsta es plata de los correntinos, unos 3000 millones de pesos, para que ustedes tengan una vivienda digna y propia\u201d, declar\u00f3 hacia los adjudicatarios, agregando que para lograr estos objetivos \u201cse necesita administrar bien el Estado\u201d. Es as\u00ed que al intendente de Goya, Mariano Hormaechea, le prometi\u00f3 que, a trav\u00e9s de INIVICO, se asfaltar\u00e1n las calles que rodean a estas viviendas reci\u00e9n inauguradas.<\/p>\n\n\n\n<p>Cont\u00f3 adem\u00e1s que en Goya se est\u00e1n construyendo 175 viviendas, cuyos costos \u201cson muy dif\u00edciles de afrontar para las familias, por eso debemos estar y ayudarlas\u201d. Para destacar la calidad de estas casas, mencion\u00f3 que son \u201ctermorresistentes\u201d: \u201cNo van a tener humedad, son m\u00e1s frescas, no tendr\u00e1n problemas con la pintura interior y van a ser m\u00e1s durables\u201d.<\/p>\n\n\n\n<figure class=\"wp-block-image size-large\"><img loading=\"lazy\" decoding=\"async\" width=\"1024\" height=\"671\" src=\"https:\/\/corrientesdetarde.com\/wp-content\/uploads\/2025\/04\/image-662-1024x671.png\" alt=\"\" class=\"wp-image-202633\" srcset=\"https:\/\/corrientesdetarde.com\/wp-content\/uploads\/2025\/04\/image-662-1024x671.png 1024w, https:\/\/corrientesdetarde.com\/wp-content\/uploads\/2025\/04\/image-662-300x197.png 300w, https:\/\/corrientesdetarde.com\/wp-content\/uploads\/2025\/04\/image-662-768x503.png 768w, https:\/\/corrientesdetarde.com\/wp-content\/uploads\/2025\/04\/image-662.png 1096w\" sizes=\"auto, (max-width: 1024px) 100vw, 1024px\" \/><\/figure>\n\n\n\n<p>Para finalizar, les dese\u00f3 a los beneficiarios que puedan construir un hogar c\u00e1lido, dando educaci\u00f3n a sus hijos y buenos valores.<\/p>\n\n\n\n<p>\u201cTrabajando en equipo con el Gobierno provincial nos propusimos llevar adelante un plan de viviendas para la ciudad y hoy vemos que los resultados est\u00e1n a la vista\u201d, manifest\u00f3 al hablar ante los presentes el intendente Hormaechea, destacando que se trata de una \u201cd\u00eda muy especial y de felicidad para todas estas familias\u201d. Para el Jefe comunal, la construcci\u00f3n de viviendas es muy importante y necesaria para la comunidad, porque son \u201cacciones que dignifican y les dan un techo a las familias\u201d.<\/p>\n\n\n\n<p>A la vez coment\u00f3 que junto al INVICO se trabaja fuerte en la ejecuci\u00f3n de viviendas a trav\u00e9s del Programa \u201cO\u00f1ondiv\u00e9\u201d, con lo cual van a \u201ccontar no s\u00f3lo con una casa digna\u201d, sino que va a permitir relocalizar a 20 familias que viven sobre el r\u00edo en la zona del remanso, recuperando adem\u00e1s un espacio p\u00fablico. Tras felicitar a los adjudicatarios, el Intendente pidi\u00f3 que cuiden las flamantes unidades habitacionales y breg\u00f3 en seguir trabajando todos juntos por m\u00e1s crecimiento y desarrollo para Goya.<\/p>\n\n\n\n<p><strong>Ripio, en Paraje Maruchitas<\/strong><\/p>\n\n\n\n<p>Posteriormente, las autoridades se dirigieron hacia el Paraje Maruchitas, en la zona rural de Goya, donde el gobernador Gustavo Vald\u00e9s encabez\u00f3 la inauguraci\u00f3n de 8 km de ripio sobre la Ruta Nacional N\u00b0 12, a la altura del km 819. \u201cCon esta inauguraci\u00f3n tenemos el 100% de los caminos provinciales enripiados en el Departamento de Goya\u201d, remarc\u00f3 el gobernador Vald\u00e9s, al dirigirse a los presentes, a\u00f1adiendo que este tipo de obras \u201cmejora la calidad de vida en el campo\u201d, ya que \u201cel camino se va consolidando\u201d.<\/p>\n\n\n\n<p>\u201cTenemos luz, internet satelital o con antenas, computadoras y educaci\u00f3n\u201d, enumer\u00f3 el Mandatario provincial, refiri\u00e9ndose al Paraje, agregando que \u201cestamos trabajando con las escuelas rurales, de manera que podamos tener la mayor de las posibilidades\u201d en materia educativa. Continuando, Vald\u00e9s consider\u00f3 que \u201cestos caminos acercan la producci\u00f3n a la ciudad, acerca a los docentes y a los habitantes hacia la salud p\u00fablica\u201d, a\u00f1adiendo que \u201csiempre estamos a disposici\u00f3n de los vecinos porque esa es nuestra funci\u00f3n, respondiendo a las necesidades que pueda tener el campo y mejorar la calidad de vida de todos\u201d, concluy\u00f3, a la vez que ratific\u00f3 que desde la Provincia se seguir\u00e1 trabajando arduamente e invirtiendo en caminos rurales.<\/p>\n\n\n\n<p>Al finalizar la inauguraci\u00f3n del ripio, visit\u00f3 en la zona la Escuela N\u00b0543, donde se comprometi\u00f3 que la van a refaccionar a nuevo a trav\u00e9s de una inversi\u00f3n del Gobierno provincial.<\/p>\n\n\n\n<p>Por su parte, el ministro de Producci\u00f3n, Claudio Anselmo, detall\u00f3 que se trata de una obra financiada por el Fondo de Desarrollo Rural (FDR), que \u201cse nutre de la recaudaci\u00f3n del Impuesto Inmobiliario Rural y que vuelve al sector a trav\u00e9s de obras, tanto en mejoramiento de caminos como en este caso, as\u00ed como tambi\u00e9n en trabajos de electrificaci\u00f3n rural, obras de canalizaci\u00f3n y el financiamiento de las campa\u00f1as sanitarias tanto en el sector animal, como vegetal\u201d.<\/p>\n\n\n\n<p>Describi\u00f3 que en el presente caso \u201ces una obra de 8,3 km, clave para la conectividad de la zona, de esta Escuela 543 en particular con la Ruta 12, y que signific\u00f3 una inversi\u00f3n total que supera los 400 millones de pesos\u201d. Asegur\u00f3 as\u00ed que \u201ces una m\u00e1s de las obras que se realizaron en el Departamento de Goya, donde se trabaj\u00f3 con el objetivo de mejorar trav\u00e9s del enripiado pr\u00e1cticamente todas las rutas provinciales y los principales caminos vecinales, para asegurar una transitabilidad segura a todos los vecinos y productores de la regi\u00f3n\u201d.<\/p>\n\n\n\n<p>La directora de la Escuela N\u00b0543, Flavia S\u00e1nchez, expres\u00f3 tambi\u00e9n su agradecimiento por el enripiado del camino rural, \u201cporque permite grandes avances, como acercar la producci\u00f3n a la ciudad, que nuestros jovenes puedan acceder a parajes vecinos y as\u00ed asistir a una educaci\u00f3n secundaria o superior, que los vecinos puedan dirigirse hacia la ciudad cuando hay abundantes precipitaciones, entre otros beneficios\u201d. Y celebr\u00f3 adem\u00e1s la construcci\u00f3n del tendido el\u00e9ctrico, ya que \u201cbeneficia a aproximadamente 17 familias\u201d.<\/p>\n\n\n\n<figure class=\"wp-block-image size-large\"><img loading=\"lazy\" decoding=\"async\" width=\"1024\" height=\"651\" src=\"https:\/\/corrientesdetarde.com\/wp-content\/uploads\/2025\/04\/image-664-1024x651.png\" alt=\"\" class=\"wp-image-202635\" srcset=\"https:\/\/corrientesdetarde.com\/wp-content\/uploads\/2025\/04\/image-664-1024x651.png 1024w, https:\/\/corrientesdetarde.com\/wp-content\/uploads\/2025\/04\/image-664-300x191.png 300w, https:\/\/corrientesdetarde.com\/wp-content\/uploads\/2025\/04\/image-664-768x488.png 768w, https:\/\/corrientesdetarde.com\/wp-content\/uploads\/2025\/04\/image-664.png 1087w\" sizes=\"auto, (max-width: 1024px) 100vw, 1024px\" \/><\/figure>\n\n\n\n<figure class=\"wp-block-image size-large\"><img loading=\"lazy\" decoding=\"async\" width=\"1024\" height=\"634\" src=\"https:\/\/corrientesdetarde.com\/wp-content\/uploads\/2025\/04\/image-663-1024x634.png\" alt=\"\" class=\"wp-image-202634\" srcset=\"https:\/\/corrientesdetarde.com\/wp-content\/uploads\/2025\/04\/image-663-1024x634.png 1024w, https:\/\/corrientesdetarde.com\/wp-content\/uploads\/2025\/04\/image-663-300x186.png 300w, https:\/\/corrientesdetarde.com\/wp-content\/uploads\/2025\/04\/image-663-768x475.png 768w, https:\/\/corrientesdetarde.com\/wp-content\/uploads\/2025\/04\/image-663.png 1087w\" sizes=\"auto, (max-width: 1024px) 100vw, 1024px\" \/><\/figure>\n","protected":false},"excerpt":{"rendered":"<p>Continuando con su estad\u00eda en Goya, el gobernador Gustavo Vald\u00e9s hizo entrega este mi\u00e9rcoles de 72 unidades habitacionales del Instituto de Viviendas de Corrientes (INVICO), donde remarc\u00f3 que la terminaci\u00f3n&hellip; <\/p>\n","protected":false},"author":1,"featured_media":202632,"comment_status":"closed","ping_status":"open","sticky":false,"template":"","format":"standard","meta":{"footnotes":""},"categories":[17],"tags":[],"class_list":["post-202631","post","type-post","status-publish","format-standard","has-post-thumbnail","hentry","category-sociales"],"_links":{"self":[{"href":"https:\/\/corrientesdetarde.com\/index.php\/wp-json\/wp\/v2\/posts\/202631","targetHints":{"allow":["GET"]}}],"collection":[{"href":"https:\/\/corrientesdetarde.com\/index.php\/wp-json\/wp\/v2\/posts"}],"about":[{"href":"https:\/\/corrientesdetarde.com\/index.php\/wp-json\/wp\/v2\/types\/post"}],"author":[{"embeddable":true,"href":"https:\/\/corrientesdetarde.com\/index.php\/wp-json\/wp\/v2\/users\/1"}],"replies":[{"embeddable":true,"href":"https:\/\/corrientesdetarde.com\/index.php\/wp-json\/wp\/v2\/comments?post=202631"}],"version-history":[{"count":1,"href":"https:\/\/corrientesdetarde.com\/index.php\/wp-json\/wp\/v2\/posts\/202631\/revisions"}],"predecessor-version":[{"id":202636,"href":"https:\/\/corrientesdetarde.com\/index.php\/wp-json\/wp\/v2\/posts\/202631\/revisions\/202636"}],"wp:featuredmedia":[{"embeddable":true,"href":"https:\/\/corrientesdetarde.com\/index.php\/wp-json\/wp\/v2\/media\/202632"}],"wp:attachment":[{"href":"https:\/\/corrientesdetarde.com\/index.php\/wp-json\/wp\/v2\/media?parent=202631"}],"wp:term":[{"taxonomy":"category","embeddable":true,"href":"https:\/\/corrientesdetarde.com\/index.php\/wp-json\/wp\/v2\/categories?post=202631"},{"taxonomy":"post_tag","embeddable":true,"href":"https:\/\/corrientesdetarde.com\/index.php\/wp-json\/wp\/v2\/tags?post=202631"}],"curies":[{"name":"wp","href":"https:\/\/api.w.org\/{rel}","templated":true}]}}