{"id":202655,"date":"2025-04-16T20:21:18","date_gmt":"2025-04-16T23:21:18","guid":{"rendered":"https:\/\/corrientesdetarde.com\/?p=202655"},"modified":"2025-04-16T20:22:19","modified_gmt":"2025-04-16T23:22:19","slug":"corrientes-sera-el-escenario-de-liv-eraun-espectaculo-artistico-y-ambiental","status":"publish","type":"post","link":"https:\/\/corrientesdetarde.com\/index.php\/cultura\/corrientes-sera-el-escenario-de-liv-eraun-espectaculo-artistico-y-ambiental\/","title":{"rendered":"Corrientes ser\u00e1 el escenario de LIV.ERA,un espect\u00e1culo art\u00edstico y ambiental"},"content":{"rendered":"\n<p><em>Con el acompa\u00f1amiento de la Municipalidad, la propuesta comenzar\u00e1 el viernes 18, a partir de las 16, en el Espacio Cultural Mari\u00f1o. Est\u00e1 previsto un workshop y una primera actuaci\u00f3n de orquestas. El s\u00e1bado 19 continuar\u00e1, desde las 18, con el evento principal: un concierto a cielo abierto en la playa Arazaty. Se presentar\u00e1n el Joven Ballet Argentino y la reconocida Orquesta de Instrumentos Reciclados de Cateura (Paraguay) en colaboraci\u00f3n con la Orquesta de Fundaci\u00f3n JuVips.<\/em><\/p>\n\n\n\n<figure class=\"wp-block-embed is-type-video is-provider-youtube wp-block-embed-youtube wp-embed-aspect-16-9 wp-has-aspect-ratio\"><div class=\"wp-block-embed__wrapper\">\n<iframe loading=\"lazy\" title=\"Llega a Corrientes LIV ERA El Arte como Voz de la Naturaleza\" width=\"1110\" height=\"624\" src=\"https:\/\/www.youtube.com\/embed\/u9krZk9DfXU?feature=oembed\" frameborder=\"0\" allow=\"accelerometer; autoplay; clipboard-write; encrypted-media; gyroscope; picture-in-picture; web-share\" referrerpolicy=\"strict-origin-when-cross-origin\" allowfullscreen><\/iframe>\n<\/div><\/figure>\n\n\n\n<p>Con el acompa\u00f1amiento de la Municipalidad, la ciudad ser\u00e1 el escenario de LIV.ERA, un espect\u00e1culo art\u00edstico y ambiental. La organizaci\u00f3n filantr\u00f3pica \u201cPonete el Coraz\u00f3n\u201d propone por medio de este evento, reconocer al arte como un lenguaje poderoso, capaz de conmover e inspirar acci\u00f3n en defensa de la vida en el planeta.<br><br>El subsecretario de Desarrollo y Producci\u00f3n Cultural, Federico Maceri, explic\u00f3 que se trata de un \u201ctrabajo en conjunto de la Secretar\u00eda de Medio Ambiente y Desarrollo Sustentable que ha gestionado la llegada de esta propuesta, que llama a la reflexi\u00f3n respecto de cuestiones medioambientales, econom\u00eda circular, reciclaje, como as\u00ed tambi\u00e9n es importante para el desarrollo cultural de la ciudad\u201d.<\/p>\n\n\n\n<figure class=\"wp-block-image size-large\"><img loading=\"lazy\" decoding=\"async\" width=\"1024\" height=\"678\" src=\"https:\/\/corrientesdetarde.com\/wp-content\/uploads\/2025\/04\/image-674-1024x678.png\" alt=\"\" class=\"wp-image-202662\" srcset=\"https:\/\/corrientesdetarde.com\/wp-content\/uploads\/2025\/04\/image-674-1024x678.png 1024w, https:\/\/corrientesdetarde.com\/wp-content\/uploads\/2025\/04\/image-674-300x198.png 300w, https:\/\/corrientesdetarde.com\/wp-content\/uploads\/2025\/04\/image-674-768x508.png 768w, https:\/\/corrientesdetarde.com\/wp-content\/uploads\/2025\/04\/image-674.png 1262w\" sizes=\"auto, (max-width: 1024px) 100vw, 1024px\" \/><\/figure>\n\n\n\n<p><br><br>\u201cEduardo Tassano no dud\u00f3 en apostar para la llegada de esta propuesta porque es importante para el desarrollo cultural la formaci\u00f3n y el crecimiento de los artistas, gestores culturales y otros actores art\u00edsticos y culturales de la ciudad. Este tipo de iniciativas nos permite ver al arte como puente y como medio para educar, para transmitir valores de la cultura social a trav\u00e9s de la cultura art\u00edstica. Tambi\u00e9n se educa a trav\u00e9s de la emoci\u00f3n\u201d, expres\u00f3 el funcionario.<br><br>PROGRAMACI\u00d3N<br>Comenzar\u00e1 el viernes en el Espacio Cultural Mari\u00f1o con un workshop, a partir de las 16, y posteriormente habr\u00e1 un espect\u00e1culo musical con la presentaci\u00f3n de la Orquesta de Instrumentos Reciclados de Cateura de Paraguay.\u00a0<br><br>\u201cVan a participar muchas instituciones, entidades de la ciudad de Corrientes, como la Facultad de Artes, Dise\u00f1o y Ciencias de la Cultura (Fadycc) de la Universidad Nacional del Nordeste (UNNE), y el Instituto de M\u00fasica, que se ha comprometido en que vengan los alumnos de ensambles de orquesta y que puedan enriquecerse con esta integraci\u00f3n\u201d, detall\u00f3 Maceri.<br><br>Por otra parte, el s\u00e1bado habr\u00e1 un gran show al aire libre en la playa Arazaty, con entrada libre y gratuita, desde las 18, con la actuaci\u00f3n del Joven Ballet Argentino y la reconocida Orquesta de Instrumentos Reciclados de Cateura (Paraguay) en colaboraci\u00f3n con la Orquesta de Fundaci\u00f3n JuVips.<br><br>\u201cLa orquesta se ha formado de un tiradero hist\u00f3rico de Paraguay y tiene un contenido socio comunitario y medioambiental, que son banderas muy importantes para la ciudad\u201d, sostuvo el funcionario.<\/p>\n\n\n\n<figure class=\"wp-block-image size-full\"><img loading=\"lazy\" decoding=\"async\" width=\"723\" height=\"906\" src=\"https:\/\/corrientesdetarde.com\/wp-content\/uploads\/2025\/04\/image-675.png\" alt=\"\" class=\"wp-image-202664\" srcset=\"https:\/\/corrientesdetarde.com\/wp-content\/uploads\/2025\/04\/image-675.png 723w, https:\/\/corrientesdetarde.com\/wp-content\/uploads\/2025\/04\/image-675-239x300.png 239w\" sizes=\"auto, (max-width: 723px) 100vw, 723px\" \/><\/figure>\n\n\n\n<figure class=\"wp-block-image size-full\"><img loading=\"lazy\" decoding=\"async\" width=\"729\" height=\"909\" src=\"https:\/\/corrientesdetarde.com\/wp-content\/uploads\/2025\/04\/image-676.png\" alt=\"\" class=\"wp-image-202666\" srcset=\"https:\/\/corrientesdetarde.com\/wp-content\/uploads\/2025\/04\/image-676.png 729w, https:\/\/corrientesdetarde.com\/wp-content\/uploads\/2025\/04\/image-676-241x300.png 241w\" sizes=\"auto, (max-width: 729px) 100vw, 729px\" \/><\/figure>\n","protected":false},"excerpt":{"rendered":"<p>Con el acompa\u00f1amiento de la Municipalidad, la propuesta comenzar\u00e1 el viernes 18, a partir de las 16, en el Espacio Cultural Mari\u00f1o. Est\u00e1 previsto un workshop y una primera actuaci\u00f3n&hellip; <\/p>\n","protected":false},"author":4,"featured_media":202661,"comment_status":"closed","ping_status":"open","sticky":false,"template":"","format":"standard","meta":{"footnotes":""},"categories":[15],"tags":[],"class_list":["post-202655","post","type-post","status-publish","format-standard","has-post-thumbnail","hentry","category-cultura"],"_links":{"self":[{"href":"https:\/\/corrientesdetarde.com\/index.php\/wp-json\/wp\/v2\/posts\/202655","targetHints":{"allow":["GET"]}}],"collection":[{"href":"https:\/\/corrientesdetarde.com\/index.php\/wp-json\/wp\/v2\/posts"}],"about":[{"href":"https:\/\/corrientesdetarde.com\/index.php\/wp-json\/wp\/v2\/types\/post"}],"author":[{"embeddable":true,"href":"https:\/\/corrientesdetarde.com\/index.php\/wp-json\/wp\/v2\/users\/4"}],"replies":[{"embeddable":true,"href":"https:\/\/corrientesdetarde.com\/index.php\/wp-json\/wp\/v2\/comments?post=202655"}],"version-history":[{"count":2,"href":"https:\/\/corrientesdetarde.com\/index.php\/wp-json\/wp\/v2\/posts\/202655\/revisions"}],"predecessor-version":[{"id":202667,"href":"https:\/\/corrientesdetarde.com\/index.php\/wp-json\/wp\/v2\/posts\/202655\/revisions\/202667"}],"wp:featuredmedia":[{"embeddable":true,"href":"https:\/\/corrientesdetarde.com\/index.php\/wp-json\/wp\/v2\/media\/202661"}],"wp:attachment":[{"href":"https:\/\/corrientesdetarde.com\/index.php\/wp-json\/wp\/v2\/media?parent=202655"}],"wp:term":[{"taxonomy":"category","embeddable":true,"href":"https:\/\/corrientesdetarde.com\/index.php\/wp-json\/wp\/v2\/categories?post=202655"},{"taxonomy":"post_tag","embeddable":true,"href":"https:\/\/corrientesdetarde.com\/index.php\/wp-json\/wp\/v2\/tags?post=202655"}],"curies":[{"name":"wp","href":"https:\/\/api.w.org\/{rel}","templated":true}]}}