{"id":202659,"date":"2025-04-16T20:34:05","date_gmt":"2025-04-16T23:34:05","guid":{"rendered":"https:\/\/corrientesdetarde.com\/?p=202659"},"modified":"2025-04-16T20:34:09","modified_gmt":"2025-04-16T23:34:09","slug":"el-coprodis-entrego-silla-de-rueda-y-recursos-a-familias-de-la-capital","status":"publish","type":"post","link":"https:\/\/corrientesdetarde.com\/index.php\/sociales\/el-coprodis-entrego-silla-de-rueda-y-recursos-a-familias-de-la-capital\/","title":{"rendered":"El COPRODIS entreg\u00f3 silla de rueda y recursos a familias de la Capital"},"content":{"rendered":"\n<p>El Consejo Provincial de Discapacidad entreg\u00f3 una silla de rueda pedi\u00e1trica a ni\u00f1a con discapacidad y visit\u00f3 familias de diferente parte de esta Capital, brindando asesoramiento sobre el acceso a derechos y realiz\u00f3 entrega de recursos a trav\u00e9s de su \u00e1rea social.<\/p>\n\n\n\n<p>Con el fin de mejorar la calidad de vida de las personas con discapacidad el Ministerio de Desarrollo Social contin\u00faa con las entregas de elementos a trav\u00e9s del COPRODIS.<\/p>\n\n\n\n<p>El Consejo Provincial de Discapacidad,&nbsp;a cargo de Roxana Tannuri, a trav\u00e9s de su \u00e1rea social entreg\u00f3 sillas de rueda&nbsp;destinada a personas con discapacidad que no poseen cobertura social.<\/p>\n\n\n\n<figure class=\"wp-block-image size-full\"><img loading=\"lazy\" decoding=\"async\" width=\"401\" height=\"898\" src=\"https:\/\/corrientesdetarde.com\/wp-content\/uploads\/2025\/04\/image-681.png\" alt=\"\" class=\"wp-image-202674\" srcset=\"https:\/\/corrientesdetarde.com\/wp-content\/uploads\/2025\/04\/image-681.png 401w, https:\/\/corrientesdetarde.com\/wp-content\/uploads\/2025\/04\/image-681-134x300.png 134w\" sizes=\"auto, (max-width: 401px) 100vw, 401px\" \/><\/figure>\n\n\n\n<figure class=\"wp-block-image size-full\"><img loading=\"lazy\" decoding=\"async\" width=\"671\" height=\"907\" src=\"https:\/\/corrientesdetarde.com\/wp-content\/uploads\/2025\/04\/image-682.png\" alt=\"\" class=\"wp-image-202675\" srcset=\"https:\/\/corrientesdetarde.com\/wp-content\/uploads\/2025\/04\/image-682.png 671w, https:\/\/corrientesdetarde.com\/wp-content\/uploads\/2025\/04\/image-682-222x300.png 222w\" sizes=\"auto, (max-width: 671px) 100vw, 671px\" \/><\/figure>\n","protected":false},"excerpt":{"rendered":"<p>El Consejo Provincial de Discapacidad entreg\u00f3 una silla de rueda pedi\u00e1trica a ni\u00f1a con discapacidad y visit\u00f3 familias de diferente parte de esta Capital, brindando asesoramiento sobre el acceso a&hellip; <\/p>\n","protected":false},"author":4,"featured_media":202676,"comment_status":"closed","ping_status":"open","sticky":false,"template":"","format":"standard","meta":{"footnotes":""},"categories":[17],"tags":[],"class_list":["post-202659","post","type-post","status-publish","format-standard","has-post-thumbnail","hentry","category-sociales"],"_links":{"self":[{"href":"https:\/\/corrientesdetarde.com\/index.php\/wp-json\/wp\/v2\/posts\/202659","targetHints":{"allow":["GET"]}}],"collection":[{"href":"https:\/\/corrientesdetarde.com\/index.php\/wp-json\/wp\/v2\/posts"}],"about":[{"href":"https:\/\/corrientesdetarde.com\/index.php\/wp-json\/wp\/v2\/types\/post"}],"author":[{"embeddable":true,"href":"https:\/\/corrientesdetarde.com\/index.php\/wp-json\/wp\/v2\/users\/4"}],"replies":[{"embeddable":true,"href":"https:\/\/corrientesdetarde.com\/index.php\/wp-json\/wp\/v2\/comments?post=202659"}],"version-history":[{"count":1,"href":"https:\/\/corrientesdetarde.com\/index.php\/wp-json\/wp\/v2\/posts\/202659\/revisions"}],"predecessor-version":[{"id":202677,"href":"https:\/\/corrientesdetarde.com\/index.php\/wp-json\/wp\/v2\/posts\/202659\/revisions\/202677"}],"wp:featuredmedia":[{"embeddable":true,"href":"https:\/\/corrientesdetarde.com\/index.php\/wp-json\/wp\/v2\/media\/202676"}],"wp:attachment":[{"href":"https:\/\/corrientesdetarde.com\/index.php\/wp-json\/wp\/v2\/media?parent=202659"}],"wp:term":[{"taxonomy":"category","embeddable":true,"href":"https:\/\/corrientesdetarde.com\/index.php\/wp-json\/wp\/v2\/categories?post=202659"},{"taxonomy":"post_tag","embeddable":true,"href":"https:\/\/corrientesdetarde.com\/index.php\/wp-json\/wp\/v2\/tags?post=202659"}],"curies":[{"name":"wp","href":"https:\/\/api.w.org\/{rel}","templated":true}]}}