{"id":202660,"date":"2025-04-16T20:26:21","date_gmt":"2025-04-16T23:26:21","guid":{"rendered":"https:\/\/corrientesdetarde.com\/?p=202660"},"modified":"2025-04-16T20:26:24","modified_gmt":"2025-04-16T23:26:24","slug":"festejos-por-el-72-aniversario-de-la-escuela-tecnica-brigadier-general-pedro-ferre","status":"publish","type":"post","link":"https:\/\/corrientesdetarde.com\/index.php\/actualidad\/festejos-por-el-72-aniversario-de-la-escuela-tecnica-brigadier-general-pedro-ferre\/","title":{"rendered":"Festejos por el 72 aniversario de la Escuela T\u00e9cnica Brigadier General Pedro Ferr\u00e9"},"content":{"rendered":"\n<p>La ministra de Educaci\u00f3n Pr\u00e1xedes L\u00f3pez encabez\u00f3 esta ma\u00f1ana el acto conmemorativo de los 72\u00b0 Aniversario de la Escuela T\u00e9cnica Brigadier General Pedro Ferre de la capital provincial. En la oportunidad la funcionaria llam\u00f3 a la comunidad educativa a trabajar juntos para potenciar al sector productivo a trav\u00e9s de la educaci\u00f3n.<\/p>\n\n\n\n<p>Durante el acto realizado en la ma\u00f1ana de este mi\u00e9rcoles, la ministra de Educaci\u00f3n Pr\u00e1xedes L\u00f3pez hizo especial hincapi\u00e9 en el hecho de que el Gobierno de Corrientes apuesta a la Educaci\u00f3n T\u00e9cnica e invierte en ella.<\/p>\n\n\n\n<figure class=\"wp-block-image size-large\"><img loading=\"lazy\" decoding=\"async\" width=\"1024\" height=\"677\" src=\"https:\/\/corrientesdetarde.com\/wp-content\/uploads\/2025\/04\/image-680-1024x677.png\" alt=\"\" class=\"wp-image-202671\" srcset=\"https:\/\/corrientesdetarde.com\/wp-content\/uploads\/2025\/04\/image-680-1024x677.png 1024w, https:\/\/corrientesdetarde.com\/wp-content\/uploads\/2025\/04\/image-680-300x198.png 300w, https:\/\/corrientesdetarde.com\/wp-content\/uploads\/2025\/04\/image-680-768x508.png 768w, https:\/\/corrientesdetarde.com\/wp-content\/uploads\/2025\/04\/image-680.png 1257w\" sizes=\"auto, (max-width: 1024px) 100vw, 1024px\" \/><\/figure>\n\n\n\n<p>\u201cPido a los alumnos que reconozcan el trabajo que hacen los docentes todos los d\u00edas en las escuelas t\u00e9cnicas\u201d, dijo, en tanto remarc\u00f3 que la Escuela Brigadier General Pedro Ferre tiene un camino recorrido de 72 a\u00f1os en los que pasaron muchas cosas, \u201cesta instituci\u00f3n siempre supo reponerse y seguramente as\u00ed seguir\u00e1 siendo. Hoy estamos en condiciones de decir que vamos a seguir trabajando porque de esta manera tambi\u00e9n estamos acompa\u00f1ando al sector productivo a trav\u00e9s de nuestra formaci\u00f3n profesional\u201d. En el mismo sentido asegur\u00f3: \u201cTenemos grandes desaf\u00edos, por eso pido a los padres que acompa\u00f1en, porque este es el camino para seguir trabajando. Cada uno desde su lugar\u201d.&nbsp;<\/p>\n\n\n\n<figure class=\"wp-block-image size-large\"><img loading=\"lazy\" decoding=\"async\" width=\"1024\" height=\"676\" src=\"https:\/\/corrientesdetarde.com\/wp-content\/uploads\/2025\/04\/image-677-1024x676.png\" alt=\"\" class=\"wp-image-202668\" srcset=\"https:\/\/corrientesdetarde.com\/wp-content\/uploads\/2025\/04\/image-677-1024x676.png 1024w, https:\/\/corrientesdetarde.com\/wp-content\/uploads\/2025\/04\/image-677-300x198.png 300w, https:\/\/corrientesdetarde.com\/wp-content\/uploads\/2025\/04\/image-677-768x507.png 768w, https:\/\/corrientesdetarde.com\/wp-content\/uploads\/2025\/04\/image-677.png 1269w\" sizes=\"auto, (max-width: 1024px) 100vw, 1024px\" \/><\/figure>\n\n\n\n<p>A su turno el rector de la casa de estudios Gerardo Marturet destac\u00f3 la importancia de este acto y el acompa\u00f1amiento de las autoridades de la cartera educativa, \u201cPr\u00e1xedes L\u00f3pez fue una de las pocas ministras del pa\u00eds, (si no fue la \u00fanica), que levant\u00f3 la voz cuando el a\u00f1o pasado comenzaron los recortes nacionales en materia educativa\u201d, asegur\u00f3 y luego realiz\u00f3 un repaso por la historia de esta escuela al tiempo que se comprometi\u00f3 con el presente para lo cual resalt\u00f3 el rol que cumple el Estado.<\/p>\n\n\n\n<figure class=\"wp-block-image size-large\"><img loading=\"lazy\" decoding=\"async\" width=\"1024\" height=\"678\" src=\"https:\/\/corrientesdetarde.com\/wp-content\/uploads\/2025\/04\/image-679-1024x678.png\" alt=\"\" class=\"wp-image-202670\" srcset=\"https:\/\/corrientesdetarde.com\/wp-content\/uploads\/2025\/04\/image-679-1024x678.png 1024w, https:\/\/corrientesdetarde.com\/wp-content\/uploads\/2025\/04\/image-679-300x199.png 300w, https:\/\/corrientesdetarde.com\/wp-content\/uploads\/2025\/04\/image-679-768x508.png 768w, https:\/\/corrientesdetarde.com\/wp-content\/uploads\/2025\/04\/image-679.png 1269w\" sizes=\"auto, (max-width: 1024px) 100vw, 1024px\" \/><\/figure>\n\n\n\n<p>Por su parte, el ex alumno y actual rector de la Escuela T\u00e9cnica de Construcciones Portuarias y V\u00edas Navegables Jorge Ibarra aprovech\u00f3 la oportunidad para hablar de los valores que inculca esta instituci\u00f3n educativa: \u201cSoy egresado de esta escuela, pero antes que cualquier t\u00edtulo soy una persona muy agradecida. Este lugar me dio herramientas y me dio valores, me ense\u00f1\u00f3 a no bajar los brazos, me ense\u00f1\u00f3 que lo aut\u00e9ntico y lo humano no son caminos separados, sino que se cruzan y se potencian\u201d.<\/p>\n\n\n\n<figure class=\"wp-block-image size-large\"><img loading=\"lazy\" decoding=\"async\" width=\"1024\" height=\"683\" src=\"https:\/\/corrientesdetarde.com\/wp-content\/uploads\/2025\/04\/image-678-1024x683.png\" alt=\"\" class=\"wp-image-202669\" srcset=\"https:\/\/corrientesdetarde.com\/wp-content\/uploads\/2025\/04\/image-678-1024x683.png 1024w, https:\/\/corrientesdetarde.com\/wp-content\/uploads\/2025\/04\/image-678-300x200.png 300w, https:\/\/corrientesdetarde.com\/wp-content\/uploads\/2025\/04\/image-678-768x512.png 768w, https:\/\/corrientesdetarde.com\/wp-content\/uploads\/2025\/04\/image-678.png 1268w\" sizes=\"auto, (max-width: 1024px) 100vw, 1024px\" \/><\/figure>\n","protected":false},"excerpt":{"rendered":"<p>La ministra de Educaci\u00f3n Pr\u00e1xedes L\u00f3pez encabez\u00f3 esta ma\u00f1ana el acto conmemorativo de los 72\u00b0 Aniversario de la Escuela T\u00e9cnica Brigadier General Pedro Ferre de la capital provincial. En la&hellip; <\/p>\n","protected":false},"author":4,"featured_media":202672,"comment_status":"closed","ping_status":"open","sticky":false,"template":"","format":"standard","meta":{"footnotes":""},"categories":[23],"tags":[],"class_list":["post-202660","post","type-post","status-publish","format-standard","has-post-thumbnail","hentry","category-actualidad"],"_links":{"self":[{"href":"https:\/\/corrientesdetarde.com\/index.php\/wp-json\/wp\/v2\/posts\/202660","targetHints":{"allow":["GET"]}}],"collection":[{"href":"https:\/\/corrientesdetarde.com\/index.php\/wp-json\/wp\/v2\/posts"}],"about":[{"href":"https:\/\/corrientesdetarde.com\/index.php\/wp-json\/wp\/v2\/types\/post"}],"author":[{"embeddable":true,"href":"https:\/\/corrientesdetarde.com\/index.php\/wp-json\/wp\/v2\/users\/4"}],"replies":[{"embeddable":true,"href":"https:\/\/corrientesdetarde.com\/index.php\/wp-json\/wp\/v2\/comments?post=202660"}],"version-history":[{"count":1,"href":"https:\/\/corrientesdetarde.com\/index.php\/wp-json\/wp\/v2\/posts\/202660\/revisions"}],"predecessor-version":[{"id":202673,"href":"https:\/\/corrientesdetarde.com\/index.php\/wp-json\/wp\/v2\/posts\/202660\/revisions\/202673"}],"wp:featuredmedia":[{"embeddable":true,"href":"https:\/\/corrientesdetarde.com\/index.php\/wp-json\/wp\/v2\/media\/202672"}],"wp:attachment":[{"href":"https:\/\/corrientesdetarde.com\/index.php\/wp-json\/wp\/v2\/media?parent=202660"}],"wp:term":[{"taxonomy":"category","embeddable":true,"href":"https:\/\/corrientesdetarde.com\/index.php\/wp-json\/wp\/v2\/categories?post=202660"},{"taxonomy":"post_tag","embeddable":true,"href":"https:\/\/corrientesdetarde.com\/index.php\/wp-json\/wp\/v2\/tags?post=202660"}],"curies":[{"name":"wp","href":"https:\/\/api.w.org\/{rel}","templated":true}]}}