{"id":202713,"date":"2025-04-16T23:37:42","date_gmt":"2025-04-17T02:37:42","guid":{"rendered":"https:\/\/corrientesdetarde.com\/?p=202713"},"modified":"2025-04-16T23:37:44","modified_gmt":"2025-04-17T02:37:44","slug":"el-reclamo-de-lizy-tagliani-tras-la-retractacion-de-viviana-canosa-que-mi-nombre-quede-limpio","status":"publish","type":"post","link":"https:\/\/corrientesdetarde.com\/index.php\/espectaculos\/el-reclamo-de-lizy-tagliani-tras-la-retractacion-de-viviana-canosa-que-mi-nombre-quede-limpio\/","title":{"rendered":"El reclamo de Lizy Tagliani tras la retractaci\u00f3n de Viviana Canosa: &#8220;Que mi nombre quede limpio&#8221;"},"content":{"rendered":"\n<p>La conductora habl\u00f3 luego de que la periodista diera marcha atr\u00e1s con sus acusaciones.<\/p>\n\n\n\n<p>Lizy Tagliani volvi\u00f3 a hablar respecto a la denuncia que le realiz\u00f3 Viviana Canosa y de la acusaci\u00f3n de robo, alcohol y menores. &#8220;Se me abri\u00f3 una herida muy grande en mi vida. Se tiene que reparar todo el da\u00f1o que me han hecho&#8221;, indic\u00f3 y asegur\u00f3 que est\u00e1 a disposici\u00f3n de la Justicia.<\/p>\n\n\n\n<p><br>La humorista fue abordada por un grupo de periodistas que la espraron al t\u00e9rmino de su programa &#8220;Arriba Beb\u00e9&#8221; en Pop 101.5 y se\u00f1al\u00f3 que : &#8220;Yo estoy desde el minuto uno a disposici\u00f3n de la Justicia y lo \u00fanico que quiero dejar en claro es que jam\u00e1s en mi vida tuve un contacto \u00edntimo con un menor de edad&#8221;, dijo contundente. &#8220;As\u00ed como tampoco rob\u00e9 y todas las barbaridades que se dijeron&#8221;, sum\u00f3.&nbsp;&nbsp;<br>&nbsp;<\/p>\n\n\n\n<p>&#8220;La pedofilia se debe investigar y castigar con la mayor rigurosidad de la ley&#8221;, sostuvo la conductora, pero alert\u00f3 que no va a permitir que se haya relacionado su nombre con un delito semejante y adelant\u00f3 que va a ir la Justicia para limpiar su nombre. &#8220;Todo el mundo sabe qui\u00e9n soy. Nunca, ni en chiste, tuve ese tipo de cosas porque lo padec\u00ed desde los cinco a\u00f1os&#8221;, sum\u00f3.<\/p>\n\n\n\n<p>Cuando le preguntaron por Viviana Canosa y sus dichos, Lizy dijo que no quer\u00eda hablar de nadie. Sin embargo, explic\u00f3 que piensa ir hasta las &#8220;\u00faltimas consecuencias&#8221;. &#8220;Siempre estuve tranquila. Muy triste, como sigo. La verdad es que estoy muy nerviosa, pero estoy fuerte y descubro lo que es ser mam\u00e1 porque tengo una fortaleza que no s\u00e9 si en otro momento la hubiese tenido&#8221;, confes\u00f3. Tampoco quiso hablar del tema de la adopci\u00f3n.<\/p>\n\n\n\n<p>&#8220;Estoy bien fuerte, pero estoy despistada&#8221;, sigui\u00f3 sobre su estado en la actualidad. &#8220;Estoy tratando de conseguir una buena profesional que me acompa\u00f1e en lo psicol\u00f3gico. Se me abri\u00f3 una herida muy grande en mi vida&#8221;, confi\u00f3, pero se mostr\u00f3 esperanzada. &#8220;Se tiene que reparar todo el da\u00f1o que me han hecho&#8221;, sostuvo. &#8220;Se vuelve con la verdad y poco a poco. No hay nada que el tiempo no cure y no sane&#8221;, complet\u00f3.<\/p>\n","protected":false},"excerpt":{"rendered":"<p>La conductora habl\u00f3 luego de que la periodista diera marcha atr\u00e1s con sus acusaciones. Lizy Tagliani volvi\u00f3 a hablar respecto a la denuncia que le realiz\u00f3 Viviana Canosa y de&hellip; <\/p>\n","protected":false},"author":4,"featured_media":202714,"comment_status":"closed","ping_status":"open","sticky":false,"template":"","format":"standard","meta":{"footnotes":""},"categories":[19],"tags":[],"class_list":["post-202713","post","type-post","status-publish","format-standard","has-post-thumbnail","hentry","category-espectaculos"],"_links":{"self":[{"href":"https:\/\/corrientesdetarde.com\/index.php\/wp-json\/wp\/v2\/posts\/202713","targetHints":{"allow":["GET"]}}],"collection":[{"href":"https:\/\/corrientesdetarde.com\/index.php\/wp-json\/wp\/v2\/posts"}],"about":[{"href":"https:\/\/corrientesdetarde.com\/index.php\/wp-json\/wp\/v2\/types\/post"}],"author":[{"embeddable":true,"href":"https:\/\/corrientesdetarde.com\/index.php\/wp-json\/wp\/v2\/users\/4"}],"replies":[{"embeddable":true,"href":"https:\/\/corrientesdetarde.com\/index.php\/wp-json\/wp\/v2\/comments?post=202713"}],"version-history":[{"count":1,"href":"https:\/\/corrientesdetarde.com\/index.php\/wp-json\/wp\/v2\/posts\/202713\/revisions"}],"predecessor-version":[{"id":202715,"href":"https:\/\/corrientesdetarde.com\/index.php\/wp-json\/wp\/v2\/posts\/202713\/revisions\/202715"}],"wp:featuredmedia":[{"embeddable":true,"href":"https:\/\/corrientesdetarde.com\/index.php\/wp-json\/wp\/v2\/media\/202714"}],"wp:attachment":[{"href":"https:\/\/corrientesdetarde.com\/index.php\/wp-json\/wp\/v2\/media?parent=202713"}],"wp:term":[{"taxonomy":"category","embeddable":true,"href":"https:\/\/corrientesdetarde.com\/index.php\/wp-json\/wp\/v2\/categories?post=202713"},{"taxonomy":"post_tag","embeddable":true,"href":"https:\/\/corrientesdetarde.com\/index.php\/wp-json\/wp\/v2\/tags?post=202713"}],"curies":[{"name":"wp","href":"https:\/\/api.w.org\/{rel}","templated":true}]}}