{"id":202716,"date":"2025-04-16T23:52:10","date_gmt":"2025-04-17T02:52:10","guid":{"rendered":"https:\/\/corrientesdetarde.com\/?p=202716"},"modified":"2025-04-16T23:52:13","modified_gmt":"2025-04-17T02:52:13","slug":"canasta-de-crianza-criar-a-un-bebe-costo-mas-de-400-000-en-marzo-segun-el-indec","status":"publish","type":"post","link":"https:\/\/corrientesdetarde.com\/index.php\/economia\/canasta-de-crianza-criar-a-un-bebe-costo-mas-de-400-000-en-marzo-segun-el-indec\/","title":{"rendered":"Canasta de crianza: criar a un beb\u00e9 cost\u00f3 m\u00e1s de $400.000 en marzo, seg\u00fan el INDEC"},"content":{"rendered":"\n<p>La canasta de crianza de la primera infancia revel\u00f3 que criar a un beb\u00e9 cost\u00f3 $409.000 en marzo de 2025, seg\u00fan el INDEC. Incluye costos de bienes y cuidado.<\/p>\n\n\n\n<p>La canasta de crianza de la primera infancia, la ni\u00f1ez y la adolescencia, elaborada por el Instituto Nacional de Estad\u00edsticas y Censos (INDEC), arroj\u00f3 que criar a un beb\u00e9 cost\u00f3 $409.000 en marzo del 2025.<\/p>\n\n\n\n<p>El estudio presenta la valorizaci\u00f3n de la canasta de crianza desde los 0 hasta los 12 a\u00f1os.<\/p>\n\n\n\n<p>Incluye tanto el costo mensual para adquirir los bienes como el costo de cuidado que surge a partir de la valorizaci\u00f3n del tiempo requerido para dicha actividad.<\/p>\n\n\n\n<p>En lo que respecta a la crianza de un menor de un a\u00f1o, el costo total fue de $409.414 en marzo de este a\u00f1o, representando una suba del 1,18% mensual. Ese valor se compone por $124.626 en concepto de bienes y servicios; y $284.788 por los gastos de cuidado.<\/p>\n\n\n\n<p>En ni\u00f1os de 1 a 3 a\u00f1os, el costo aument\u00f3: pas\u00f3 a ser un total de $486.393 por cada hijo de esa edad, un aumento de 1,28% mensual. Ese n\u00famero estuvo compuesto por $160.921 de bienes y servicios; y $325.473 de gastos de cuidado.<\/p>\n\n\n\n<p>En la crianza de ni\u00f1os de 4 a 5 a\u00f1os el costo baj\u00f3. De acuerdo a los datos publicados por el organismo, los ni\u00f1os de esa edad demandaron $204.952 mensuales por bienes y servicios, m\u00e1s $203.420 por cuidados, lo que sum\u00f3 un total de $408.372, un aumento de 1,96% con respecto al mes anterior.<\/p>\n\n\n\n<p>En tanto, los ni\u00f1os m\u00e1s grandes, que van del rango de 6 a 12 a\u00f1os, aumentaron y demandaron un gasto mensual de $513.720, un aumento de 1,94% mensual. Ese n\u00famero estuvo compuesto de $254.244 de gastos de bienes y servicios; y $259.476 de gastos de cuidados.<\/p>\n","protected":false},"excerpt":{"rendered":"<p>La canasta de crianza de la primera infancia revel\u00f3 que criar a un beb\u00e9 cost\u00f3 $409.000 en marzo de 2025, seg\u00fan el INDEC. Incluye costos de bienes y cuidado. La&hellip; <\/p>\n","protected":false},"author":4,"featured_media":202718,"comment_status":"closed","ping_status":"open","sticky":false,"template":"","format":"standard","meta":{"footnotes":""},"categories":[20],"tags":[],"class_list":["post-202716","post","type-post","status-publish","format-standard","has-post-thumbnail","hentry","category-economia"],"_links":{"self":[{"href":"https:\/\/corrientesdetarde.com\/index.php\/wp-json\/wp\/v2\/posts\/202716","targetHints":{"allow":["GET"]}}],"collection":[{"href":"https:\/\/corrientesdetarde.com\/index.php\/wp-json\/wp\/v2\/posts"}],"about":[{"href":"https:\/\/corrientesdetarde.com\/index.php\/wp-json\/wp\/v2\/types\/post"}],"author":[{"embeddable":true,"href":"https:\/\/corrientesdetarde.com\/index.php\/wp-json\/wp\/v2\/users\/4"}],"replies":[{"embeddable":true,"href":"https:\/\/corrientesdetarde.com\/index.php\/wp-json\/wp\/v2\/comments?post=202716"}],"version-history":[{"count":1,"href":"https:\/\/corrientesdetarde.com\/index.php\/wp-json\/wp\/v2\/posts\/202716\/revisions"}],"predecessor-version":[{"id":202719,"href":"https:\/\/corrientesdetarde.com\/index.php\/wp-json\/wp\/v2\/posts\/202716\/revisions\/202719"}],"wp:featuredmedia":[{"embeddable":true,"href":"https:\/\/corrientesdetarde.com\/index.php\/wp-json\/wp\/v2\/media\/202718"}],"wp:attachment":[{"href":"https:\/\/corrientesdetarde.com\/index.php\/wp-json\/wp\/v2\/media?parent=202716"}],"wp:term":[{"taxonomy":"category","embeddable":true,"href":"https:\/\/corrientesdetarde.com\/index.php\/wp-json\/wp\/v2\/categories?post=202716"},{"taxonomy":"post_tag","embeddable":true,"href":"https:\/\/corrientesdetarde.com\/index.php\/wp-json\/wp\/v2\/tags?post=202716"}],"curies":[{"name":"wp","href":"https:\/\/api.w.org\/{rel}","templated":true}]}}