{"id":20279,"date":"2022-11-16T16:48:26","date_gmt":"2022-11-16T19:48:26","guid":{"rendered":"https:\/\/corrientesdetarde.com\/?p=20279"},"modified":"2022-11-16T16:48:32","modified_gmt":"2022-11-16T19:48:32","slug":"diputados-otorgo-media-sancion-al-presupuesto-y-pasa-al-senado","status":"publish","type":"post","link":"https:\/\/corrientesdetarde.com\/index.php\/politica\/diputados-otorgo-media-sancion-al-presupuesto-y-pasa-al-senado\/","title":{"rendered":"Diputados otorg\u00f3 media sanci\u00f3n al Presupuesto y pasa al Senado"},"content":{"rendered":"\n<p>Con\u00a021 votos positivo y 7 negativos, la C\u00e1mara de Diputados otorg\u00f3 media\u00a0sanci\u00f3n al Presupuesto 2023 y pasa a la C\u00e1mara de Senadores.<\/p>\n\n\n\n<p>La C\u00e1mara de Diputados de la provincia, presidida por Pedro Cassani, otorg\u00f3 media sanci\u00f3n al proyecto de Ley de Presupuesto de Gastos y C\u00e1lculo de Recursos de la Administraci\u00f3n provincial \u2013a\u00f1o 2023-, remitido por el Poder Ejecutivo.<\/p>\n\n\n\n<p>El presidente de la comisi\u00f3n de Hacienda, Presupuesto e Impuestos diputado Norberto Ast destac\u00f3 en el recinto los incrementos en los distintos rubros: Salud: 135%; Educaci\u00f3n: 154 %; Seguridad: 139%; IPS, 132 %; un 129 % en los puntos coparticipables a los municipios, entre otros rubros.<\/p>\n\n\n\n<p>En tanto que del Poder Judicial, se\u00f1al\u00f3 que \u201cha tenido un incremento&nbsp;&nbsp;&nbsp;que en t\u00e9rminos comparativos con el Presupuesto, tambi\u00e9n es mayor. Pero re\u00fane lo que establece la Ley de Autarqu\u00eda Financiera que es del 6,27 %, que dice la misma, y de los&nbsp;&nbsp;12.500 millones que ten\u00edamos previsto, pasamos a este a\u00f1o en a\u00f1o casi 29 mil millones\u201d.&nbsp;&nbsp;<\/p>\n\n\n\n<p>\u201cNinguno de los poderes del estado se va a quedar a mitad de camino\u201d, indic\u00f3, previo a informar que el Poder Legislativo no alcanza el 3 por ciento del total del presupuesto general\u201d.<\/p>\n\n\n\n<p>Con respecto al nivel de endeudamiento provincial, sostuvo que \u201ces por dem\u00e1s bajo\u201d.&nbsp;&nbsp;\u201cHay una ley de responsabilidad fiscal que&nbsp;&nbsp;establece que las provincias no pueden superar su endeudamiento en un&nbsp;&nbsp;15% en relaci\u00f3n al Presupuesto.&nbsp;&nbsp;Corrientes tiene el 2,49% de su presupuesto equivalente en deudas. Estamos casi a cero\u201d, afirm\u00f3.<\/p>\n\n\n\n<p>Agreg\u00f3 que \u201clas deudas de las provincias argentinas ascienden a 22 mil millones de d\u00f3lares, casi el 50% corresponde&nbsp;&nbsp;a Buenos Aires; Salta tiene una deuda de 480 millones de d\u00f3lares;&nbsp;&nbsp;&nbsp;Chaco: 375millones de d\u00f3lares,&nbsp;&nbsp;su deuda, a pesar de tener un punto m\u00e1s de coparticipaci\u00f3n; y&nbsp;&nbsp;Corrientes, 35 millones&nbsp;&nbsp;de d\u00f3lares\u201d.<\/p>\n\n\n\n<p>Sobre el particular, concluy\u00f3: \u201cesa es la diferencia en la administraci\u00f3n de los recursos del estado, y pareciera&nbsp;&nbsp;ser quienes trabajaron bien, equilibramos las cuentas, orientamos de manera perfecta el gasto, no nos endeudamos: terminamos siendo castigados, y las&nbsp;&nbsp;provincias endeudadas&nbsp;&nbsp;terminan siendo socorridas por el Gobierno Nacional\u201d, opin\u00f3.<\/p>\n\n\n\n<p>Tras el&nbsp;&nbsp;debate correspondiente, que culmin\u00f3 cerca de las 16 horas, la votaci\u00f3n del expediente, que ahora pas\u00f3 al Senado, cont\u00f3 con el apoyo del arco oficialista, y el voto negativo de la oposici\u00f3n (21 a 7).<\/p>\n\n\n\n<p>El presidente Pedro Cassani ponder\u00f3 el largo debate &#8220;enriquecedor&#8221; con el debido respeto entre las distintas bancadas.&nbsp; &#8220;Me parece que este largo debate que tuvimos permite al ciudadano correntino concebir cual es la visi\u00f3n que tienen los dirigentes pol\u00edticos en la provincia, y en funci\u00f3n de eso tendr\u00e1n un norte para el a\u00f1o que viene elegir a sus representantes&#8221;.&nbsp;<\/p>\n\n\n\n<p><strong>En la oportunidad tambi\u00e9n se otorgaron media sanci\u00f3n a los siguientes proyectos:<\/strong><\/p>\n\n\n\n<p>&#8211;&nbsp;&nbsp;&nbsp;&nbsp;&nbsp;&nbsp;&nbsp;&nbsp;&nbsp;Proyecto de Ley de Creaci\u00f3n del Programa de Responsabilidad Social y Ambiental Empresarial (ReSAE), con el objeto de promover conductas y pr\u00e1cticas sociales y ambientales responsables en la provincia.<\/p>\n\n\n\n<p>&#8211;&nbsp;&nbsp;&nbsp;&nbsp;&nbsp;&nbsp;&nbsp;&nbsp;&nbsp;Proyecto de Ley, de transformaci\u00f3n del actual Juzgado de Paz de la localidad de Paso de la Patria en Juzgado Civil, Comercial, Laboral, Familia y Menores, con las atribuciones establecidas por la ley 5907.<\/p>\n\n\n\n<p>&#8211;&nbsp;&nbsp;&nbsp;&nbsp;&nbsp;&nbsp;&nbsp;&nbsp;&nbsp;Proyecto de Ley que declara Monumento Hist\u00f3rico e Integrante del Patrimonio Cultural de la Provincia de Corrientes el pante\u00f3n donde reposan los restos del coronel Isidoro Fern\u00e1ndez Reguera, ubicado en el cementerio de la Santa Cruz en la ciudad de Paso de los Libres, autor\u00eda del diputado Miguel Arias.<\/p>\n\n\n\n<p>&#8211;&nbsp;&nbsp;&nbsp;&nbsp;&nbsp;&nbsp;&nbsp;&nbsp;&nbsp;Proyecto de ley que establece el 23 de agosto de 1631 como fecha de fundaci\u00f3n de la localidad de San Carlos.<\/p>\n\n\n\n<p>En tanto que vuelve al Senado, con modificaciones \u2013de forma, no de fondo- el proyecto de ley que declara al \u201c2023: A\u00f1o del 40\u00ba aniversario de la restauraci\u00f3n de la Democracia en la Argentina\u201d, expediente iniciado por la senadora Alejandra Seward.<\/p>\n\n\n\n<figure class=\"wp-block-image size-full\"><img loading=\"lazy\" decoding=\"async\" width=\"1024\" height=\"683\" src=\"https:\/\/corrientesdetarde.com\/wp-content\/uploads\/2022\/11\/sesion-25-XXX.jpg\" alt=\"\" class=\"wp-image-20282\" srcset=\"https:\/\/corrientesdetarde.com\/wp-content\/uploads\/2022\/11\/sesion-25-XXX.jpg 1024w, https:\/\/corrientesdetarde.com\/wp-content\/uploads\/2022\/11\/sesion-25-XXX-300x200.jpg 300w, https:\/\/corrientesdetarde.com\/wp-content\/uploads\/2022\/11\/sesion-25-XXX-768x512.jpg 768w, https:\/\/corrientesdetarde.com\/wp-content\/uploads\/2022\/11\/sesion-25-XXX-272x182.jpg 272w\" sizes=\"auto, (max-width: 1024px) 100vw, 1024px\" \/><\/figure>\n\n\n\n<figure class=\"wp-block-image size-full\"><img loading=\"lazy\" decoding=\"async\" width=\"1024\" height=\"683\" src=\"https:\/\/corrientesdetarde.com\/wp-content\/uploads\/2022\/11\/sesion-25-ZZ.jpg\" alt=\"\" class=\"wp-image-20284\" srcset=\"https:\/\/corrientesdetarde.com\/wp-content\/uploads\/2022\/11\/sesion-25-ZZ.jpg 1024w, https:\/\/corrientesdetarde.com\/wp-content\/uploads\/2022\/11\/sesion-25-ZZ-300x200.jpg 300w, https:\/\/corrientesdetarde.com\/wp-content\/uploads\/2022\/11\/sesion-25-ZZ-768x512.jpg 768w, https:\/\/corrientesdetarde.com\/wp-content\/uploads\/2022\/11\/sesion-25-ZZ-272x182.jpg 272w\" sizes=\"auto, (max-width: 1024px) 100vw, 1024px\" \/><\/figure>\n\n\n\n<figure class=\"wp-block-image size-full\"><img loading=\"lazy\" decoding=\"async\" width=\"1024\" height=\"683\" src=\"https:\/\/corrientesdetarde.com\/wp-content\/uploads\/2022\/11\/sesion-25-Z.jpg\" alt=\"\" class=\"wp-image-20285\" srcset=\"https:\/\/corrientesdetarde.com\/wp-content\/uploads\/2022\/11\/sesion-25-Z.jpg 1024w, https:\/\/corrientesdetarde.com\/wp-content\/uploads\/2022\/11\/sesion-25-Z-300x200.jpg 300w, https:\/\/corrientesdetarde.com\/wp-content\/uploads\/2022\/11\/sesion-25-Z-768x512.jpg 768w, https:\/\/corrientesdetarde.com\/wp-content\/uploads\/2022\/11\/sesion-25-Z-272x182.jpg 272w\" sizes=\"auto, (max-width: 1024px) 100vw, 1024px\" \/><\/figure>\n\n\n\n<figure class=\"wp-block-image size-full\"><img loading=\"lazy\" decoding=\"async\" width=\"1024\" height=\"682\" src=\"https:\/\/corrientesdetarde.com\/wp-content\/uploads\/2022\/11\/sESION-25-C.jpg\" alt=\"\" class=\"wp-image-20283\" srcset=\"https:\/\/corrientesdetarde.com\/wp-content\/uploads\/2022\/11\/sESION-25-C.jpg 1024w, https:\/\/corrientesdetarde.com\/wp-content\/uploads\/2022\/11\/sESION-25-C-300x200.jpg 300w, https:\/\/corrientesdetarde.com\/wp-content\/uploads\/2022\/11\/sESION-25-C-768x512.jpg 768w, https:\/\/corrientesdetarde.com\/wp-content\/uploads\/2022\/11\/sESION-25-C-272x182.jpg 272w\" sizes=\"auto, (max-width: 1024px) 100vw, 1024px\" \/><\/figure>\n\n\n\n<figure class=\"wp-block-image size-full\"><img loading=\"lazy\" decoding=\"async\" width=\"1024\" height=\"683\" src=\"https:\/\/corrientesdetarde.com\/wp-content\/uploads\/2022\/11\/SESION-25.jpg\" alt=\"\" class=\"wp-image-20287\" srcset=\"https:\/\/corrientesdetarde.com\/wp-content\/uploads\/2022\/11\/SESION-25.jpg 1024w, https:\/\/corrientesdetarde.com\/wp-content\/uploads\/2022\/11\/SESION-25-300x200.jpg 300w, https:\/\/corrientesdetarde.com\/wp-content\/uploads\/2022\/11\/SESION-25-768x512.jpg 768w, https:\/\/corrientesdetarde.com\/wp-content\/uploads\/2022\/11\/SESION-25-272x182.jpg 272w\" sizes=\"auto, (max-width: 1024px) 100vw, 1024px\" \/><\/figure>\n\n\n\n<figure class=\"wp-block-image size-full\"><img loading=\"lazy\" decoding=\"async\" width=\"1024\" height=\"683\" src=\"https:\/\/corrientesdetarde.com\/wp-content\/uploads\/2022\/11\/SESION-25-a.jpg\" alt=\"\" class=\"wp-image-20286\" srcset=\"https:\/\/corrientesdetarde.com\/wp-content\/uploads\/2022\/11\/SESION-25-a.jpg 1024w, https:\/\/corrientesdetarde.com\/wp-content\/uploads\/2022\/11\/SESION-25-a-300x200.jpg 300w, https:\/\/corrientesdetarde.com\/wp-content\/uploads\/2022\/11\/SESION-25-a-768x512.jpg 768w, https:\/\/corrientesdetarde.com\/wp-content\/uploads\/2022\/11\/SESION-25-a-272x182.jpg 272w\" sizes=\"auto, (max-width: 1024px) 100vw, 1024px\" \/><\/figure>\n","protected":false},"excerpt":{"rendered":"<p>Con\u00a021 votos positivo y 7 negativos, la C\u00e1mara de Diputados otorg\u00f3 media\u00a0sanci\u00f3n al Presupuesto 2023 y pasa a la C\u00e1mara de Senadores. La C\u00e1mara de Diputados de la provincia, presidida&hellip; <\/p>\n","protected":false},"author":8,"featured_media":20281,"comment_status":"closed","ping_status":"open","sticky":false,"template":"","format":"standard","meta":{"footnotes":""},"categories":[3],"tags":[],"class_list":["post-20279","post","type-post","status-publish","format-standard","has-post-thumbnail","hentry","category-politica"],"_links":{"self":[{"href":"https:\/\/corrientesdetarde.com\/index.php\/wp-json\/wp\/v2\/posts\/20279","targetHints":{"allow":["GET"]}}],"collection":[{"href":"https:\/\/corrientesdetarde.com\/index.php\/wp-json\/wp\/v2\/posts"}],"about":[{"href":"https:\/\/corrientesdetarde.com\/index.php\/wp-json\/wp\/v2\/types\/post"}],"author":[{"embeddable":true,"href":"https:\/\/corrientesdetarde.com\/index.php\/wp-json\/wp\/v2\/users\/8"}],"replies":[{"embeddable":true,"href":"https:\/\/corrientesdetarde.com\/index.php\/wp-json\/wp\/v2\/comments?post=20279"}],"version-history":[{"count":1,"href":"https:\/\/corrientesdetarde.com\/index.php\/wp-json\/wp\/v2\/posts\/20279\/revisions"}],"predecessor-version":[{"id":20288,"href":"https:\/\/corrientesdetarde.com\/index.php\/wp-json\/wp\/v2\/posts\/20279\/revisions\/20288"}],"wp:featuredmedia":[{"embeddable":true,"href":"https:\/\/corrientesdetarde.com\/index.php\/wp-json\/wp\/v2\/media\/20281"}],"wp:attachment":[{"href":"https:\/\/corrientesdetarde.com\/index.php\/wp-json\/wp\/v2\/media?parent=20279"}],"wp:term":[{"taxonomy":"category","embeddable":true,"href":"https:\/\/corrientesdetarde.com\/index.php\/wp-json\/wp\/v2\/categories?post=20279"},{"taxonomy":"post_tag","embeddable":true,"href":"https:\/\/corrientesdetarde.com\/index.php\/wp-json\/wp\/v2\/tags?post=20279"}],"curies":[{"name":"wp","href":"https:\/\/api.w.org\/{rel}","templated":true}]}}