{"id":20289,"date":"2022-11-16T17:03:15","date_gmt":"2022-11-16T20:03:15","guid":{"rendered":"https:\/\/corrientesdetarde.com\/?p=20289"},"modified":"2022-11-16T17:03:20","modified_gmt":"2022-11-16T20:03:20","slug":"sesion-especial-en-el-senado-para-tratar-el-presupuesto-2023","status":"publish","type":"post","link":"https:\/\/corrientesdetarde.com\/index.php\/nacionales\/sesion-especial-en-el-senado-para-tratar-el-presupuesto-2023\/","title":{"rendered":"Sesi\u00f3n especial en el Senado para tratar el Presupuesto 2023"},"content":{"rendered":"\n<p><a href=\"javascript:void(0);\"><\/a>El debate comenz\u00f3 a las 14:15 e incluye tambi\u00e9n la discusi\u00f3n del proyecto de ley, aprobado en Diputados, que prorroga por cinco a\u00f1os la vigencia de los impuestos a las Ganancias, a los D\u00e9bitos y Cr\u00e9ditos Bancarios, conocido como Ley del Cheque, entre otros.<\/p>\n\n\n\n<p>El Senado debatir\u00e1 este mi\u00e9rcoles, en una sesi\u00f3n especial, el proyecto de Presupuesto 2023, en<strong>\u00a0una discusi\u00f3n que se extender\u00e1 por varias horas\u00a0<\/strong>y en la que<strong>\u00a0oficialismo<\/strong>\u00a0-con votos propios y de fuerzas aliadas-<strong>\u00a0buscar\u00e1 darle sanci\u00f3n definitiva\u00a0<\/strong>a la iniciativa y enviarlo al Poder Ejecutivo para su promulgaci\u00f3n. En el inicio del debate, se\u00a0aprob\u00f3 las nuevas designaciones en el consejo de la Magistratura sin presencia opositora.<\/p>\n\n\n\n<p>La sesi\u00f3n, comenzada a las 14:15, tambi\u00e9n incluye la discusi\u00f3n del proyecto de ley, aprobado hace dos meses en Diputados, que prorroga por cinco a\u00f1os la vigencia de los impuestos a las Ganancias, a los D\u00e9bitos y Cr\u00e9ditos Bancarios, conocido como Ley del Cheque; del Monotributo, el Capital de la Cooperativa y el adicional de Cigarrillo, que vencen a fines de 2022, que en conjunto explican el 32% de la recaudaci\u00f3n impositiva.<\/p>\n\n\n\n<h2 class=\"wp-block-heading\">La aprobaci\u00f3n de Presupuesto en Diputados<\/h2>\n\n\n\n<p>El proyecto de Presupuesto 2023\u00a0fue aprobado en los \u00faltimos d\u00edas de octubre por la C\u00e1mara de Diputados, tras una extensa sesi\u00f3n en la que el Frente de Todos logr\u00f3 sancionarlo con votos propios, de fuerzas provinciales y de legisladores del radicalismo encuadrados en Juntos por el Cambio.<\/p>\n\n\n\n<p>De hecho, en esa reuni\u00f3n, que se llev\u00f3 a cabo entre el 25 de octubre y la madrugada del 26, el proyecto obtuvo 180 votos a favor, 22 votos en contra y 49 abstenciones y se convirti\u00f3 en el que mayor cantidad de respaldos obtuvo en la C\u00e1mara baja desde 2012 a la fecha.<\/p>\n\n\n\n<h2 class=\"wp-block-heading\">Pase del proyecto al Senado<\/h2>\n\n\n\n<p>El proyecto de ley de Presupuesto 2023 pas\u00f3 al Senado donde, tras dos reuniones de la Comisi\u00f3n de Presupuesto y Hacienda -celebradas el 2 y 3 de noviembre-, obtuvo dictamen de mayor\u00eda con las firmas de los legisladores del Frente de Todos y de su aliado de Juntos Somos R\u00edo Negro, Alberto Weretilneck.<\/p>\n\n\n\n<p>La primera de las jornadas sirvi\u00f3 para que los legisladores escucharan a los secretarios de Programaci\u00f3n Econ\u00f3mica, Gabriel Rubinstein; de Hacienda, Ra\u00fal Rigo; y de Finanzas, Eduardo Setti.<\/p>\n\n\n\n<p>Al d\u00eda siguiente, el interbloque que es la primera minor\u00eda en la C\u00e1mara alta logr\u00f3 las firmas necesarias para llevar el proyecto al recinto.<\/p>\n\n\n\n<p>Sin embargo, el oficialismo se tom\u00f3 una semana m\u00e1s antes de que el tema sea discutido en una sesi\u00f3n.<\/p>\n","protected":false},"excerpt":{"rendered":"<p>El debate comenz\u00f3 a las 14:15 e incluye tambi\u00e9n la discusi\u00f3n del proyecto de ley, aprobado en Diputados, que prorroga por cinco a\u00f1os la vigencia de los impuestos a las&hellip; <\/p>\n","protected":false},"author":8,"featured_media":20290,"comment_status":"closed","ping_status":"open","sticky":false,"template":"","format":"standard","meta":{"footnotes":""},"categories":[10],"tags":[],"class_list":["post-20289","post","type-post","status-publish","format-standard","has-post-thumbnail","hentry","category-nacionales"],"_links":{"self":[{"href":"https:\/\/corrientesdetarde.com\/index.php\/wp-json\/wp\/v2\/posts\/20289","targetHints":{"allow":["GET"]}}],"collection":[{"href":"https:\/\/corrientesdetarde.com\/index.php\/wp-json\/wp\/v2\/posts"}],"about":[{"href":"https:\/\/corrientesdetarde.com\/index.php\/wp-json\/wp\/v2\/types\/post"}],"author":[{"embeddable":true,"href":"https:\/\/corrientesdetarde.com\/index.php\/wp-json\/wp\/v2\/users\/8"}],"replies":[{"embeddable":true,"href":"https:\/\/corrientesdetarde.com\/index.php\/wp-json\/wp\/v2\/comments?post=20289"}],"version-history":[{"count":1,"href":"https:\/\/corrientesdetarde.com\/index.php\/wp-json\/wp\/v2\/posts\/20289\/revisions"}],"predecessor-version":[{"id":20291,"href":"https:\/\/corrientesdetarde.com\/index.php\/wp-json\/wp\/v2\/posts\/20289\/revisions\/20291"}],"wp:featuredmedia":[{"embeddable":true,"href":"https:\/\/corrientesdetarde.com\/index.php\/wp-json\/wp\/v2\/media\/20290"}],"wp:attachment":[{"href":"https:\/\/corrientesdetarde.com\/index.php\/wp-json\/wp\/v2\/media?parent=20289"}],"wp:term":[{"taxonomy":"category","embeddable":true,"href":"https:\/\/corrientesdetarde.com\/index.php\/wp-json\/wp\/v2\/categories?post=20289"},{"taxonomy":"post_tag","embeddable":true,"href":"https:\/\/corrientesdetarde.com\/index.php\/wp-json\/wp\/v2\/tags?post=20289"}],"curies":[{"name":"wp","href":"https:\/\/api.w.org\/{rel}","templated":true}]}}