{"id":20292,"date":"2022-11-16T17:11:22","date_gmt":"2022-11-16T20:11:22","guid":{"rendered":"https:\/\/corrientesdetarde.com\/?p=20292"},"modified":"2022-11-16T17:11:29","modified_gmt":"2022-11-16T20:11:29","slug":"de-casualidad-se-diagnosticaron-en-pacientes-covid-mas-tumores-en-estadios-tempranos","status":"publish","type":"post","link":"https:\/\/corrientesdetarde.com\/index.php\/informacion-general\/de-casualidad-se-diagnosticaron-en-pacientes-covid-mas-tumores-en-estadios-tempranos\/","title":{"rendered":"&#8220;De casualidad&#8221; se diagnosticaron en pacientes Covid m\u00e1s tumores en estad\u00edos tempranos"},"content":{"rendered":"\n<p><a href=\"javascript:void(0);\"><\/a>&#8220;El uso de m\u00e1s tomograf\u00edas de control redund\u00f3 en un mayor n\u00famero de diagn\u00f3sticos&#8221;, explic\u00f3\u00a0el jefe de Oncolog\u00eda Tor\u00e1cica del IAF, Claudio Martin.<\/p>\n\n\n\n<p>La realizaci\u00f3n de tomograf\u00edas de control en pacientes con Covid dio como resultado un mayor n\u00famero de diagn\u00f3sticos de tumores en estad\u00edos iniciales &#8220;detectados de casualidad&#8221;, siendo que&nbsp;<strong>el 80% de los diagn\u00f3sticos de c\u00e1ncer de pulm\u00f3n, por el que cada a\u00f1o mueren m\u00e1s de 9200 pacientes en Argentina, se realizan cuando la enfermedad est\u00e1 avanzada<\/strong>&nbsp;debido a que suele ser asintom\u00e1tica inicialmente.<\/p>\n\n\n\n<p>&#8220;Seg\u00fan estimaciones realizadas por el Observatorio Global del C\u00e1ncer (Globocan), de la Agencia Internacional de Investigaci\u00f3n sobre C\u00e1ncer (IARC, por sus siglas en ingl\u00e9s), Argentina se posiciona dentro de los pa\u00edses del mundo con una incidencia de c\u00e1ncer media-alta, siendo el de pulm\u00f3n la tercera causa en magnitud de nuevos casos en 2020&#8221;, se\u00f1al\u00f3 en un comunicado oficial el jefe del servicio de Cirug\u00eda Tor\u00e1cica del Instituto Alexander Fleming (IAF), Adolfo Rosales.<\/p>\n\n\n\n<blockquote class=\"wp-block-quote is-layout-flow wp-block-quote-is-layout-flow\"><p>&#8220;Argentina se posiciona dentro de los pa\u00edses del mundo con una incidencia de c\u00e1ncer media-alta, siendo el de pulm\u00f3n la tercera causa en magnitud de nuevos casos en 2020&#8221;<\/p><cite>Adolfo Rosales<\/cite><\/blockquote>\n\n\n\n<p>En el marco del&nbsp;<strong>D\u00eda Internacional de la Lucha contra el C\u00e1ncer de Pulm\u00f3n<\/strong>, que se conmemora todos los 17 de noviembre, el jefe de Oncolog\u00eda Tor\u00e1cica del IAF, Claudio Martin, explic\u00f3 que la pandemia del coronavirus tuvo un impacto negativo en la lucha contra esta enfermedad, como en otras afecciones.<\/p>\n\n\n\n<p>Si bien hubo un retraso en el diagn\u00f3stico en pacientes sintom\u00e1ticos, debido a las dificultades en el acceso a los cuidados m\u00e9dicos,&nbsp;<strong>&#8220;lo que provoc\u00f3 que se diagnostique en estadios m\u00e1s tard\u00edos&#8221;<\/strong>; como contrapartida, &#8220;la crisis sanitaria tambi\u00e9n impuls\u00f3 el screening en muchas personas que no ten\u00edan se\u00f1ales de la enfermedad&#8221;, asegur\u00f3.<\/p>\n\n\n\n<p>&#8220;El uso de m\u00e1s tomograf\u00edas de control en pacientes Covid redund\u00f3 en un mayor n\u00famero de diagn\u00f3sticos de tumores en estadios iniciales detectados de casualidad&#8221;, apunt\u00f3 el especialista.<\/p>\n\n\n\n<figure class=\"wp-block-image\"><a href=\"javascript:void(0);\"><img decoding=\"async\" src=\"https:\/\/www.telam.com.ar\/thumbs\/bluesteel\/advf\/imagenes\/2022\/11\/63751f6cb456e_1200.jpg\" alt=\"Telam SE\"\/><\/a><\/figure>\n\n\n\n<h2 class=\"wp-block-heading\">Pacientes con c\u00e1ncer de pulm\u00f3n en la Argentina<\/h2>\n\n\n\n<p><strong>Cada a\u00f1o, mueren m\u00e1s de 9.200 pacientes con c\u00e1ncer de pulm\u00f3n&nbsp;<\/strong>en la Argentina, lo que equivale a una muerte por hora, con m\u00e1s de 12 mil nuevos casos anuales, seg\u00fan las \u00faltimas cifras publicadas por el ministerio de Salud de la Naci\u00f3n, aunque especialistas aseguran que la incidencia de tabaquismo fue disminuyendo en los \u00faltimos a\u00f1os, de 35 al 27%.<\/p>\n\n\n\n<p>&#8220;Si bien la incidencia de tabaquismo fue disminuyendo en los \u00faltimos a\u00f1os, bajando del 35 al 27% de la poblaci\u00f3n, la del c\u00e1ncer de pulm\u00f3n en Argentina sigue siendo alta. Adem\u00e1s, es la principal causa de muerte por c\u00e1ncer en hombres y la tercera en mujeres&#8221;, apunt\u00f3 Claudio Martin.<\/p>\n\n\n\n<p>El porcentaje de muertes por esta enfermedad oncol\u00f3gica muestra una media abrumadora: una muerte por hora.<\/p>\n\n\n\n<blockquote class=\"wp-block-quote is-layout-flow wp-block-quote-is-layout-flow\"><p>El porcentaje de muertes por esta enfermedad oncol\u00f3gica muestra una media abrumadora: una muerte por hora.<\/p><\/blockquote>\n\n\n\n<p>En Argentina se diagnosticaron 130.878 nuevos casos de c\u00e1ncer en 2020, de los cuales los de mayor incidencia son el de mama, colon, pulm\u00f3n, pr\u00f3stata, h\u00edgado, p\u00e1ncreas y de cuello de \u00fatero, seg\u00fan datos del Observatorio Global del C\u00e1ncer.<\/p>\n\n\n\n<p>La realizaci\u00f3n de estudios como las mamograf\u00edas, colonoscop\u00eda y hasta los an\u00e1lisis cl\u00ednicos en personas de riesgo por antecedentes familiares, por grupo etario, por h\u00e1bitos como el tabaquismo, pueden significar la detecci\u00f3n temprana de enfermedades como el c\u00e1ncer y as\u00ed tener m\u00e1s oportunidades de acceder a un mejor tratamiento.<\/p>\n\n\n\n<p>En tanto, el coordinador m\u00e9dico y del \u00e1rea psicosocial de la Liga Argentina de Lucha Contra el C\u00e1ncer (Lalcec), el m\u00e9dico Carlos Silva, inform\u00f3 que&nbsp;<strong>&#8220;el 84% de los pacientes con este tipo de tumor est\u00e1 asociado al tabaquismo, haciendo que sea la causa principal, no solo del fumador activo sino tambi\u00e9n del pasivo, el que est\u00e1 en un ambiente lleno de humo producido por la combusti\u00f3n del cigarrillo y del tabaco&#8221;<\/strong>.<\/p>\n\n\n\n<blockquote class=\"wp-block-quote is-layout-flow wp-block-quote-is-layout-flow\"><p>\ud835\udde0\ud835\uddf2\ud835\ude00 \ud835\uddf1\ud835\uddf2 \ud835\uddf0\ud835\uddfc\ud835\uddfb\ud835\uddf0\ud835\uddf6\ud835\uddf2\ud835\uddfb\ud835\ude01\ud835\uddf6\ud835\ude07\ud835\uddee\ud835\uddf0\ud835\uddf6\ud835\uddfc\u0301\ud835\uddfb \ud835\uddf1\ud835\uddf2 \ud835\uddf0\ud835\uddee\u0301\ud835\uddfb\ud835\uddf0\ud835\uddf2\ud835\uddff \ud835\uddf1\ud835\uddf2 \ud835\uddfd\ud835\ude02\ud835\uddf9\ud835\uddfa\ud835\uddfc\u0301\ud835\uddfb \ud83e\ude7a<br><br>Durante las pr\u00f3ximas semanas estaremos realizando consultas neumol\u00f3gicas gratuitas a personas entre 55 y 74 a\u00f1os, fumadoras o que hayan abandonado recientemente el h\u00e1bito.&nbsp;<a href=\"https:\/\/t.co\/ETr85LA7UM\">pic.twitter.com\/ETr85LA7UM<\/a>\u2014 LALCEC Argentina (@LalcecArgentina)&nbsp;<a href=\"https:\/\/twitter.com\/LalcecArgentina\/status\/1592524051339431936?ref_src=twsrc%5Etfw\">November 15, 2022<\/a><\/p><\/blockquote>\n\n\n\n<p>Otras causas son la<strong>&nbsp;contaminaci\u00f3n ambiental y la aspiraci\u00f3n continua de humo de le\u00f1a<\/strong>, que aunque producen mutaciones distintas que las del cigarrillo, tambi\u00e9n son conducentes de c\u00e1ncer de pulm\u00f3n e incluso otros ambientes industriales contaminados con derivados de los hidrocarburos que pueden producir esta enfermedad.<\/p>\n\n\n\n<p>En cuanto a la prevenci\u00f3n, existe una etapa primaria, que se basa en la concientizaci\u00f3n para evitar el h\u00e1bito de fumar o dejarlo si la dependencia fue adquirida y no exponerse a la combusti\u00f3n de los hidrocarburos, en ambientes cerrados, adem\u00e1s de revertir la contaminaci\u00f3n ambiental.<\/p>\n\n\n\n<p>Una etapa secundaria, deriva en el screening, que es la b\u00fasqueda de pacientes que puedan tener c\u00e1ncer de pulm\u00f3n.<\/p>\n\n\n\n<p>Otra herramienta \u00fatil es hacer una detecci\u00f3n precoz a trav\u00e9s de una tomograf\u00eda de t\u00f3rax de baja radiaci\u00f3n cuando es dirigida espec\u00edficamente a las poblaciones de riesgo que son las personas entre 40 y 50 a\u00f1os, con el habito de fumar o que no hayan pasado 15 a\u00f1os desde el momento que abandono el tabaquismo.<\/p>\n","protected":false},"excerpt":{"rendered":"<p>&#8220;El uso de m\u00e1s tomograf\u00edas de control redund\u00f3 en un mayor n\u00famero de diagn\u00f3sticos&#8221;, explic\u00f3\u00a0el jefe de Oncolog\u00eda Tor\u00e1cica del IAF, Claudio Martin. La realizaci\u00f3n de tomograf\u00edas de control en&hellip; <\/p>\n","protected":false},"author":8,"featured_media":20293,"comment_status":"closed","ping_status":"open","sticky":false,"template":"","format":"standard","meta":{"footnotes":""},"categories":[1],"tags":[],"class_list":["post-20292","post","type-post","status-publish","format-standard","has-post-thumbnail","hentry","category-informacion-general"],"_links":{"self":[{"href":"https:\/\/corrientesdetarde.com\/index.php\/wp-json\/wp\/v2\/posts\/20292","targetHints":{"allow":["GET"]}}],"collection":[{"href":"https:\/\/corrientesdetarde.com\/index.php\/wp-json\/wp\/v2\/posts"}],"about":[{"href":"https:\/\/corrientesdetarde.com\/index.php\/wp-json\/wp\/v2\/types\/post"}],"author":[{"embeddable":true,"href":"https:\/\/corrientesdetarde.com\/index.php\/wp-json\/wp\/v2\/users\/8"}],"replies":[{"embeddable":true,"href":"https:\/\/corrientesdetarde.com\/index.php\/wp-json\/wp\/v2\/comments?post=20292"}],"version-history":[{"count":1,"href":"https:\/\/corrientesdetarde.com\/index.php\/wp-json\/wp\/v2\/posts\/20292\/revisions"}],"predecessor-version":[{"id":20294,"href":"https:\/\/corrientesdetarde.com\/index.php\/wp-json\/wp\/v2\/posts\/20292\/revisions\/20294"}],"wp:featuredmedia":[{"embeddable":true,"href":"https:\/\/corrientesdetarde.com\/index.php\/wp-json\/wp\/v2\/media\/20293"}],"wp:attachment":[{"href":"https:\/\/corrientesdetarde.com\/index.php\/wp-json\/wp\/v2\/media?parent=20292"}],"wp:term":[{"taxonomy":"category","embeddable":true,"href":"https:\/\/corrientesdetarde.com\/index.php\/wp-json\/wp\/v2\/categories?post=20292"},{"taxonomy":"post_tag","embeddable":true,"href":"https:\/\/corrientesdetarde.com\/index.php\/wp-json\/wp\/v2\/tags?post=20292"}],"curies":[{"name":"wp","href":"https:\/\/api.w.org\/{rel}","templated":true}]}}