{"id":202940,"date":"2025-04-18T10:00:38","date_gmt":"2025-04-18T13:00:38","guid":{"rendered":"https:\/\/corrientesdetarde.com\/?p=202940"},"modified":"2025-04-18T10:00:39","modified_gmt":"2025-04-18T13:00:39","slug":"el-gobierno-anuncio-que-se-cambiara-la-forma-en-la-que-se-mide-la-inflacion","status":"publish","type":"post","link":"https:\/\/corrientesdetarde.com\/index.php\/informacion-general\/el-gobierno-anuncio-que-se-cambiara-la-forma-en-la-que-se-mide-la-inflacion\/","title":{"rendered":"El Gobierno anunci\u00f3 que se cambiar\u00e1 la forma en la que se mide la inflaci\u00f3n"},"content":{"rendered":"\n<p>El Gobierno Nacional anunci\u00f3 ayer, a trav\u00e9s del Jefe de Gabinete Guillermo Francos, que se realizar\u00e1n cambios en la medici\u00f3n utilizada para calcular el \u00cdndice de Precios al Consumidor (IPC), difundido por el Instituto Nacional de Estad\u00edsticas y Censos (INDEC).<\/p>\n\n\n\n<p>Un a\u00f1o despu\u00e9s de anunciar que el Instituto Nacional de Estad\u00edstica y Censos (INDEC) trabajaba en una metodolog\u00eda distinta para medir la inflaci\u00f3n, el gobierno de Javier Milei ultima los detalles para poner en marcha el nuevo \u00edndice que contempla una canasta de consumos m\u00e1s acorde a los tiempos que corren. La idea es que el indicador vea la luz en los pr\u00f3ximos meses, aunque no todav\u00eda no hay una fecha definida.<\/p>\n\n\n\n<p>Durante su presentaci\u00f3n en el Congreso de la Naci\u00f3n, el jefe de Gabinete, Guillermo Francos, confirm\u00f3 la informaci\u00f3n anticipada por varios medios de comunicaci\u00f3n en febrero: el INDEC ingres\u00f3 en la recta final de la confecci\u00f3n del \u00cdndice de Precios al Consumidor (IPC) actualizado y pule los \u00faltimos elementos t\u00e9cnicos.<\/p>\n\n\n\n<p><strong>El INDEC cambia la manera de medir la inflaci\u00f3n<\/strong><\/p>\n\n\n\n<p>&#8220;El Ministerio de Econom\u00eda informa que el INDEC finaliz\u00f3 en el mes de marzo de 2025 todos los desarrollos t\u00e9cnicos y metodol\u00f3gicos del nuevo IPC, as\u00ed como tambi\u00e9n las consultas y testeos t\u00e9cnicos del nuevo \u00edndice para su implementaci\u00f3n&#8221;, comunic\u00f3 Francos.<\/p>\n\n\n\n<p>Siguiendo esa l\u00ednea argumental, el funcionario nacional remarc\u00f3 que &#8220;el Instituto contin\u00faa realizando los an\u00e1lisis t\u00e9cnicos en torno a la estabilidad de los precios&#8221; a fin de &#8220;asegurar el cumplimiento de las recomendaciones internacionales y garantizar que las modificaciones no se introduzcan en per\u00edodos at\u00edpicos&#8221;.<\/p>\n\n\n\n<p>Frente a los cuestionamientos vertidos por el sindicalismo en relaci\u00f3n con la veracidad de los datos mensuales que informa el organismo presidido por Marco Lavagna, desde las usinas del oficialismo remarcan que el nuevo par\u00e1metro est\u00e1 a la espera de los avales institucionales para realizar la campa\u00f1a de sensibilizaci\u00f3n y alfabetizaci\u00f3n, dos fases t\u00e9cnicas del desarrollo.<\/p>\n\n\n\n<p>En la actualidad, el \u00edndice de precios se rige bajo los preceptos de una canasta de bienes y servicios fijada en 2004. Dos d\u00e9cadas m\u00e1s tarde, los consumos de los habitantes experimentaron cambios significativos que no aparecen reflejados en el IPC vigente. La modificaci\u00f3n m\u00e1s sensible es el uso de tel\u00e9fonos inteligentes, Internet y todos sus derivados.<\/p>\n\n\n\n<p>En efecto, la actualizaci\u00f3n metodol\u00f3gica tomar\u00e1 como base los resultados de la Encuesta Nacional de Gastos de los Hogares (ENGHO) efectuadas en 2017 y 2018, reemplazando as\u00ed el modelo vigente, que a\u00fan se apoya en datos recolectados hace m\u00e1s de dos d\u00e9cadas y que ya no reflejan las costumbres de consumo contempor\u00e1neas.<\/p>\n\n\n\n<p>La metodolog\u00eda contempla un cambio en la estructura de la muestra y en la ponderaci\u00f3n de los bienes y servicios de la ENGHo. Desde 2004, el indicador releva 320.000 precios en 16.700 comercios informantes. A partir de la implementaci\u00f3n del nuevo sistema, los relevamientos escalar\u00e1n a 500.000 precios a partir de 24.000 establecimientos que brindar\u00e1n la informaci\u00f3n estad\u00edstica.<\/p>\n\n\n\n<p>Seg\u00fan el INDEC, la finalidad de la encuesta &#8220;es obtener informaci\u00f3n acerca de los gastos y los ingresos de los hogares y sus caracter\u00edsticas sociodemogr\u00e1ficas&#8221;. Este sondeo permite caracterizar las condiciones de vida de los hogares, fundamentalmente en t\u00e9rminos de su acceso a los bienes y servicios, y de los ingresos.<\/p>\n\n\n\n<p>A la vez, sirve tanto para el c\u00e1lculo de las ponderaciones del IPC como para optimizar las estructuras de las canastas de bienes y servicios empleadas en la elaboraci\u00f3n de las l\u00edneas de pobreza e indigencia. Tambi\u00e9n se utiliza para las estimaciones de las cuentas nacionales y el dise\u00f1o de pol\u00edticas p\u00fablicas.<\/p>\n","protected":false},"excerpt":{"rendered":"<p>El Gobierno Nacional anunci\u00f3 ayer, a trav\u00e9s del Jefe de Gabinete Guillermo Francos, que se realizar\u00e1n cambios en la medici\u00f3n utilizada para calcular el \u00cdndice de Precios al Consumidor (IPC),&hellip; <\/p>\n","protected":false},"author":3,"featured_media":202956,"comment_status":"closed","ping_status":"open","sticky":false,"template":"","format":"standard","meta":{"footnotes":""},"categories":[1],"tags":[],"class_list":["post-202940","post","type-post","status-publish","format-standard","has-post-thumbnail","hentry","category-informacion-general"],"_links":{"self":[{"href":"https:\/\/corrientesdetarde.com\/index.php\/wp-json\/wp\/v2\/posts\/202940","targetHints":{"allow":["GET"]}}],"collection":[{"href":"https:\/\/corrientesdetarde.com\/index.php\/wp-json\/wp\/v2\/posts"}],"about":[{"href":"https:\/\/corrientesdetarde.com\/index.php\/wp-json\/wp\/v2\/types\/post"}],"author":[{"embeddable":true,"href":"https:\/\/corrientesdetarde.com\/index.php\/wp-json\/wp\/v2\/users\/3"}],"replies":[{"embeddable":true,"href":"https:\/\/corrientesdetarde.com\/index.php\/wp-json\/wp\/v2\/comments?post=202940"}],"version-history":[{"count":1,"href":"https:\/\/corrientesdetarde.com\/index.php\/wp-json\/wp\/v2\/posts\/202940\/revisions"}],"predecessor-version":[{"id":202985,"href":"https:\/\/corrientesdetarde.com\/index.php\/wp-json\/wp\/v2\/posts\/202940\/revisions\/202985"}],"wp:featuredmedia":[{"embeddable":true,"href":"https:\/\/corrientesdetarde.com\/index.php\/wp-json\/wp\/v2\/media\/202956"}],"wp:attachment":[{"href":"https:\/\/corrientesdetarde.com\/index.php\/wp-json\/wp\/v2\/media?parent=202940"}],"wp:term":[{"taxonomy":"category","embeddable":true,"href":"https:\/\/corrientesdetarde.com\/index.php\/wp-json\/wp\/v2\/categories?post=202940"},{"taxonomy":"post_tag","embeddable":true,"href":"https:\/\/corrientesdetarde.com\/index.php\/wp-json\/wp\/v2\/tags?post=202940"}],"curies":[{"name":"wp","href":"https:\/\/api.w.org\/{rel}","templated":true}]}}