{"id":202964,"date":"2025-04-18T11:00:10","date_gmt":"2025-04-18T14:00:10","guid":{"rendered":"https:\/\/corrientesdetarde.com\/?p=202964"},"modified":"2025-04-18T11:00:11","modified_gmt":"2025-04-18T14:00:11","slug":"mayoristas-rechazaron-listas-con-aumentos-de-precios","status":"publish","type":"post","link":"https:\/\/corrientesdetarde.com\/index.php\/economia\/mayoristas-rechazaron-listas-con-aumentos-de-precios\/","title":{"rendered":"Mayoristas rechazaron listas con aumentos de precios"},"content":{"rendered":"\n<p>La C\u00e1mara Argentina de Distribuidores y Autoservicios Mayoristas (CADAM) rechaz\u00f3 las listas con aumentos de precios por parte de las empresas proveedoras por considerarlos justificados.<\/p>\n\n\n\n<p>&#8220;Ante la reciente liberaci\u00f3n del cepo cambiario, desde el sector mayorista expresamos nuestro rechazo a las listas de precios que est\u00e1n llegando con aumentos injustificados&#8221;, se\u00f1al\u00f3 la entidad &nbsp;en un parte de prensa.<\/p>\n\n\n\n<p>A\u00f1adi\u00f3 que &#8220;la liberaci\u00f3n del cepo no representa una devaluaci\u00f3n, sino la apertura positiva del mercado. Ya de por s\u00ed las empresas operaban con el d\u00f3lar MEP o Contado con Liqui, que incluso registraron una baja tras la apertura del d\u00f3lar oficial, lo que refuerza la idea de que no hay fundamentos para remarcar precios&#8221;.<\/p>\n\n\n\n<p>En ese sentido hizo &#8220;un llamado a la responsabilidad de todos los proveedores del mercado para evitar distorsiones y especulaciones que s\u00f3lo generan incertidumbre y afectan el normal funcionamiento del comercio&#8221;.<\/p>\n\n\n\n<p>A su vez CADAM afirm\u00f3 que &#8220;el verdadero problema de la econom\u00eda no es el d\u00f3lar sino los impuestos (especialmente los distorsivos como son los IIBB y tasas municipales) y los costos ocultos que se trasladan a precios&#8221;.<\/p>\n\n\n\n<p>&#8220;Cuando un consumidor compra, por ejemplo, una botella de vino y &nbsp;carne en un almac\u00e9n o supermercado de cercan\u00eda, el precio final incluye una serie de aportes y contribuciones obligatorias y &#8220;solidarias&#8221;, que se han venido recaudando desde hace m\u00e1s de 20 o 30 a\u00f1os. Muchos de estos cargos se acumulan a lo largo de toda la cadena comercial, desde el productor hasta el punto de venta&#8221;, afirm\u00f3 CADAM.<\/p>\n","protected":false},"excerpt":{"rendered":"<p>La C\u00e1mara Argentina de Distribuidores y Autoservicios Mayoristas (CADAM) rechaz\u00f3 las listas con aumentos de precios por parte de las empresas proveedoras por considerarlos justificados. &#8220;Ante la reciente liberaci\u00f3n del&hellip; <\/p>\n","protected":false},"author":3,"featured_media":202977,"comment_status":"closed","ping_status":"open","sticky":false,"template":"","format":"standard","meta":{"footnotes":""},"categories":[20],"tags":[],"class_list":["post-202964","post","type-post","status-publish","format-standard","has-post-thumbnail","hentry","category-economia"],"_links":{"self":[{"href":"https:\/\/corrientesdetarde.com\/index.php\/wp-json\/wp\/v2\/posts\/202964","targetHints":{"allow":["GET"]}}],"collection":[{"href":"https:\/\/corrientesdetarde.com\/index.php\/wp-json\/wp\/v2\/posts"}],"about":[{"href":"https:\/\/corrientesdetarde.com\/index.php\/wp-json\/wp\/v2\/types\/post"}],"author":[{"embeddable":true,"href":"https:\/\/corrientesdetarde.com\/index.php\/wp-json\/wp\/v2\/users\/3"}],"replies":[{"embeddable":true,"href":"https:\/\/corrientesdetarde.com\/index.php\/wp-json\/wp\/v2\/comments?post=202964"}],"version-history":[{"count":1,"href":"https:\/\/corrientesdetarde.com\/index.php\/wp-json\/wp\/v2\/posts\/202964\/revisions"}],"predecessor-version":[{"id":202989,"href":"https:\/\/corrientesdetarde.com\/index.php\/wp-json\/wp\/v2\/posts\/202964\/revisions\/202989"}],"wp:featuredmedia":[{"embeddable":true,"href":"https:\/\/corrientesdetarde.com\/index.php\/wp-json\/wp\/v2\/media\/202977"}],"wp:attachment":[{"href":"https:\/\/corrientesdetarde.com\/index.php\/wp-json\/wp\/v2\/media?parent=202964"}],"wp:term":[{"taxonomy":"category","embeddable":true,"href":"https:\/\/corrientesdetarde.com\/index.php\/wp-json\/wp\/v2\/categories?post=202964"},{"taxonomy":"post_tag","embeddable":true,"href":"https:\/\/corrientesdetarde.com\/index.php\/wp-json\/wp\/v2\/tags?post=202964"}],"curies":[{"name":"wp","href":"https:\/\/api.w.org\/{rel}","templated":true}]}}