{"id":202966,"date":"2025-04-18T11:00:13","date_gmt":"2025-04-18T14:00:13","guid":{"rendered":"https:\/\/corrientesdetarde.com\/?p=202966"},"modified":"2025-04-18T11:00:15","modified_gmt":"2025-04-18T14:00:15","slug":"lizy-tagliani-se-defendio-de-las-acusaciones-de-canosa-y-se-descompenso-en-vivo","status":"publish","type":"post","link":"https:\/\/corrientesdetarde.com\/index.php\/espectaculos\/lizy-tagliani-se-defendio-de-las-acusaciones-de-canosa-y-se-descompenso-en-vivo\/","title":{"rendered":"Lizy Tagliani se defendi\u00f3 de las acusaciones de Canosa y se descompens\u00f3 en vivo"},"content":{"rendered":"\n<p>La conductora de la Pe\u00f1a de Morfi realiz\u00f3 un fuerte descargo en LAM.<\/p>\n\n\n\n<p>Tras la supuesta filtraci\u00f3n de los nombres que Viviana Canosa mencion\u00f3 en su denuncia por una red de trata de personas, Florencia Pe\u00f1a y Lizy Tagliani realizaron un fuerte descargo en LAM (Am\u00e9rica TV) y pidieron a los medios que dejen de difundir las \u2018aberrantes\u2019 acusaciones.<\/p>\n\n\n\n<p>&#8220;Estoy muy triste y muy angustiada, pero muy segura con lo que quiero a decir. Jam\u00e1s en mi vida estuve con una persona menor de edad&#8221;, afirm\u00f3 la humorista a trav\u00e9s de una llamada, mientras su amiga Florencia Pe\u00f1a se encontraba en el piso visiblemente conmovida con la acusaci\u00f3n.&nbsp;<\/p>\n\n\n\n<p>&#8220;No tengo nada que ocultar. Hace 40 a\u00f1os que tengo el mismo tel\u00e9fono. Todo lo que se est\u00e1 diciendo es tremendo, no puedo permitir que esto siga sucediendo. Nunca nadie me llam\u00f3 para preguntar si es verdad o mentira&#8221;, reclamo a los periodistas que hablaron del caso sin preguntarle a ella.<\/p>\n\n\n\n<p>La conductora de La Pe\u00f1a de Morfi se emocion\u00f3 hasta las l\u00e1grimas por la acusaci\u00f3n y revel\u00f3 haber vivido en primera persona lo que es el abuso infantil: &#8220;Es muy f\u00e1cil decir cualquier barbaridad, no tengo nada que ver con lo que se me acusa, voy a ir hasta las \u00faltimas consecuencias. Yo nunca estuve con un menor de edad, jam\u00e1s en mi vida he robado una cartera, jam\u00e1s en mi vida&#8221;, remarc\u00f3.<\/p>\n\n\n\n<p>Finalmente, la nota con Lizy termin\u00f3 de manera abrupta y minutos despu\u00e9s el conductor revel\u00f3 que fue debido a que ella hab\u00eda sufrido una falla en su salud: &#8220;Nos escribi\u00f3 el marido de Lizy, yo pens\u00e9 que se hab\u00eda cortado, pero no, Lizy se descompuso&#8221;, y detall\u00f3 &#8220;Ahora est\u00e1 bien, no le pas\u00f3 nada, se le baj\u00f3 un poco la presi\u00f3n. Estaba triste, por eso cort\u00f3&#8221;.<\/p>\n","protected":false},"excerpt":{"rendered":"<p>La conductora de la Pe\u00f1a de Morfi realiz\u00f3 un fuerte descargo en LAM. Tras la supuesta filtraci\u00f3n de los nombres que Viviana Canosa mencion\u00f3 en su denuncia por una red&hellip; <\/p>\n","protected":false},"author":3,"featured_media":202978,"comment_status":"closed","ping_status":"open","sticky":false,"template":"","format":"standard","meta":{"footnotes":""},"categories":[19],"tags":[],"class_list":["post-202966","post","type-post","status-publish","format-standard","has-post-thumbnail","hentry","category-espectaculos"],"_links":{"self":[{"href":"https:\/\/corrientesdetarde.com\/index.php\/wp-json\/wp\/v2\/posts\/202966","targetHints":{"allow":["GET"]}}],"collection":[{"href":"https:\/\/corrientesdetarde.com\/index.php\/wp-json\/wp\/v2\/posts"}],"about":[{"href":"https:\/\/corrientesdetarde.com\/index.php\/wp-json\/wp\/v2\/types\/post"}],"author":[{"embeddable":true,"href":"https:\/\/corrientesdetarde.com\/index.php\/wp-json\/wp\/v2\/users\/3"}],"replies":[{"embeddable":true,"href":"https:\/\/corrientesdetarde.com\/index.php\/wp-json\/wp\/v2\/comments?post=202966"}],"version-history":[{"count":1,"href":"https:\/\/corrientesdetarde.com\/index.php\/wp-json\/wp\/v2\/posts\/202966\/revisions"}],"predecessor-version":[{"id":202990,"href":"https:\/\/corrientesdetarde.com\/index.php\/wp-json\/wp\/v2\/posts\/202966\/revisions\/202990"}],"wp:featuredmedia":[{"embeddable":true,"href":"https:\/\/corrientesdetarde.com\/index.php\/wp-json\/wp\/v2\/media\/202978"}],"wp:attachment":[{"href":"https:\/\/corrientesdetarde.com\/index.php\/wp-json\/wp\/v2\/media?parent=202966"}],"wp:term":[{"taxonomy":"category","embeddable":true,"href":"https:\/\/corrientesdetarde.com\/index.php\/wp-json\/wp\/v2\/categories?post=202966"},{"taxonomy":"post_tag","embeddable":true,"href":"https:\/\/corrientesdetarde.com\/index.php\/wp-json\/wp\/v2\/tags?post=202966"}],"curies":[{"name":"wp","href":"https:\/\/api.w.org\/{rel}","templated":true}]}}