{"id":203001,"date":"2025-04-18T11:39:05","date_gmt":"2025-04-18T14:39:05","guid":{"rendered":"https:\/\/corrientesdetarde.com\/?p=203001"},"modified":"2025-04-18T11:39:28","modified_gmt":"2025-04-18T14:39:28","slug":"ismael-bermudez-advierte-sobre-la-precarizacion-laboral-en-argentina","status":"publish","type":"post","link":"https:\/\/corrientesdetarde.com\/index.php\/politica\/ismael-bermudez-advierte-sobre-la-precarizacion-laboral-en-argentina\/","title":{"rendered":"ISMAEL BERM\u00daDEZ ADVIERTE SOBRE LA PRECARIZACI\u00d3N LABORAL EN ARGENTINA"},"content":{"rendered":"\n<p>(Fuente perfil) El periodista econ\u00f3mico Ismael Berm\u00fadez ha alertado sobre el creciente proceso de precarizaci\u00f3n del empleo en Argentina, destacando una p\u00e9rdida significativa de puestos de trabajo y un deterioro en las condiciones laborales.<\/p>\n\n\n\n<p>Seg\u00fan datos de la Secretar\u00eda de Trabajo, en los \u00faltimos seis meses se han perdido 144.000 empleos asalariados en el sector privado, afectando principalmente a la construcci\u00f3n, la industria y el comercio. Adem\u00e1s, el sector p\u00fablico ha registrado una ca\u00edda de 88.000 empleos en el mismo per\u00edodo.&nbsp;<\/p>\n\n\n\n<p>Berm\u00fadez tambi\u00e9n se\u00f1ala que uno de cada tres trabajadores en Argentina se encuentra en situaci\u00f3n de informalidad laboral, lo que implica la falta de aportes jubilatorios y beneficios sociales. Esta situaci\u00f3n agrava la crisis previsional, ya que muchos trabajadores no podr\u00e1n acceder a una jubilaci\u00f3n digna al llegar a la edad correspondiente.&nbsp;<\/p>\n\n\n\n<p>El periodista advierte que, en ausencia de un repunte en la actividad econ\u00f3mica, es probable que la p\u00e9rdida de empleos contin\u00fae. Adem\u00e1s, critica las pol\u00edticas gubernamentales que, seg\u00fan \u00e9l, han contribuido a la precarizaci\u00f3n del mercado laboral y al aumento de la pobreza en el pa\u00eds.<\/p>\n","protected":false},"excerpt":{"rendered":"<p>(Fuente perfil) El periodista econ\u00f3mico Ismael Berm\u00fadez ha alertado sobre el creciente proceso de precarizaci\u00f3n del empleo en Argentina, destacando una p\u00e9rdida significativa de puestos de trabajo y un deterioro&hellip; <\/p>\n","protected":false},"author":11,"featured_media":125235,"comment_status":"closed","ping_status":"open","sticky":false,"template":"","format":"standard","meta":{"footnotes":""},"categories":[3],"tags":[],"class_list":["post-203001","post","type-post","status-publish","format-standard","has-post-thumbnail","hentry","category-politica"],"_links":{"self":[{"href":"https:\/\/corrientesdetarde.com\/index.php\/wp-json\/wp\/v2\/posts\/203001","targetHints":{"allow":["GET"]}}],"collection":[{"href":"https:\/\/corrientesdetarde.com\/index.php\/wp-json\/wp\/v2\/posts"}],"about":[{"href":"https:\/\/corrientesdetarde.com\/index.php\/wp-json\/wp\/v2\/types\/post"}],"author":[{"embeddable":true,"href":"https:\/\/corrientesdetarde.com\/index.php\/wp-json\/wp\/v2\/users\/11"}],"replies":[{"embeddable":true,"href":"https:\/\/corrientesdetarde.com\/index.php\/wp-json\/wp\/v2\/comments?post=203001"}],"version-history":[{"count":1,"href":"https:\/\/corrientesdetarde.com\/index.php\/wp-json\/wp\/v2\/posts\/203001\/revisions"}],"predecessor-version":[{"id":203003,"href":"https:\/\/corrientesdetarde.com\/index.php\/wp-json\/wp\/v2\/posts\/203001\/revisions\/203003"}],"wp:featuredmedia":[{"embeddable":true,"href":"https:\/\/corrientesdetarde.com\/index.php\/wp-json\/wp\/v2\/media\/125235"}],"wp:attachment":[{"href":"https:\/\/corrientesdetarde.com\/index.php\/wp-json\/wp\/v2\/media?parent=203001"}],"wp:term":[{"taxonomy":"category","embeddable":true,"href":"https:\/\/corrientesdetarde.com\/index.php\/wp-json\/wp\/v2\/categories?post=203001"},{"taxonomy":"post_tag","embeddable":true,"href":"https:\/\/corrientesdetarde.com\/index.php\/wp-json\/wp\/v2\/tags?post=203001"}],"curies":[{"name":"wp","href":"https:\/\/api.w.org\/{rel}","templated":true}]}}