{"id":203006,"date":"2025-04-18T17:00:00","date_gmt":"2025-04-18T20:00:00","guid":{"rendered":"https:\/\/corrientesdetarde.com\/?p=203006"},"modified":"2025-04-18T17:10:02","modified_gmt":"2025-04-18T20:10:02","slug":"lilita-carrio-visito-corrientes","status":"publish","type":"post","link":"https:\/\/corrientesdetarde.com\/index.php\/politica\/lilita-carrio-visito-corrientes\/","title":{"rendered":"Lilita Carri\u00f3 visit\u00f3 Corrientes."},"content":{"rendered":"\n<h2 class=\"wp-block-heading\">\u200bLa chaque\u00f1a, ex diputada nacional, docente universitaria y cofundadora de Cambiemos estuvo este Jueves Santo de recorrida con familiares por la Ciudad de Corrientes. Realiz\u00f3 el tradicional recorrida de las siete iglesias y dej\u00f3 en sus redes sociales un video con un mensaje desde la Plaza 25 de Mayo.<\/h2>\n\n\n\n<p>\u201cHola soy Lilita, estoy en Corrientes\u201d, coment\u00f3 la ex legisladora nacional en un video que public\u00f3 en su cuenta de la red social X. Elisa Carri\u00f3, nacida en la Provincia del Chaco, con ejercicio en el Poder Judicial y en la funci\u00f3n legislativa, relat\u00f3 su impresi\u00f3n sobre lo que vivi\u00f3 este Jueves Santo en la Capital correntina.<\/p>\n\n\n\n<p>Record\u00f3 que \u201csiempre iba a Buenos Aires y esta vez lo quise pasar en Corrientes porque como dec\u00eda Borges en Corrientes se siente la Patria y es verdad\u201d. \u201cEsta es mi tierra tambi\u00e9n\u201d, dijo la abogada de 68 a\u00f1os, una de las fundadoras de Cambiemos, convencional constituyente en 1994 y que actualmente est\u00e1 fuera de la \u00f3rbita pol\u00edtica.<\/p>\n","protected":false},"excerpt":{"rendered":"<p>\u200bLa chaque\u00f1a, ex diputada nacional, docente universitaria y cofundadora de Cambiemos estuvo este Jueves Santo de recorrida con familiares por la Ciudad de Corrientes. Realiz\u00f3 el tradicional recorrida de las&hellip; <\/p>\n","protected":false},"author":6,"featured_media":203008,"comment_status":"closed","ping_status":"open","sticky":false,"template":"","format":"standard","meta":{"footnotes":""},"categories":[3],"tags":[],"class_list":["post-203006","post","type-post","status-publish","format-standard","has-post-thumbnail","hentry","category-politica"],"_links":{"self":[{"href":"https:\/\/corrientesdetarde.com\/index.php\/wp-json\/wp\/v2\/posts\/203006","targetHints":{"allow":["GET"]}}],"collection":[{"href":"https:\/\/corrientesdetarde.com\/index.php\/wp-json\/wp\/v2\/posts"}],"about":[{"href":"https:\/\/corrientesdetarde.com\/index.php\/wp-json\/wp\/v2\/types\/post"}],"author":[{"embeddable":true,"href":"https:\/\/corrientesdetarde.com\/index.php\/wp-json\/wp\/v2\/users\/6"}],"replies":[{"embeddable":true,"href":"https:\/\/corrientesdetarde.com\/index.php\/wp-json\/wp\/v2\/comments?post=203006"}],"version-history":[{"count":1,"href":"https:\/\/corrientesdetarde.com\/index.php\/wp-json\/wp\/v2\/posts\/203006\/revisions"}],"predecessor-version":[{"id":203009,"href":"https:\/\/corrientesdetarde.com\/index.php\/wp-json\/wp\/v2\/posts\/203006\/revisions\/203009"}],"wp:featuredmedia":[{"embeddable":true,"href":"https:\/\/corrientesdetarde.com\/index.php\/wp-json\/wp\/v2\/media\/203008"}],"wp:attachment":[{"href":"https:\/\/corrientesdetarde.com\/index.php\/wp-json\/wp\/v2\/media?parent=203006"}],"wp:term":[{"taxonomy":"category","embeddable":true,"href":"https:\/\/corrientesdetarde.com\/index.php\/wp-json\/wp\/v2\/categories?post=203006"},{"taxonomy":"post_tag","embeddable":true,"href":"https:\/\/corrientesdetarde.com\/index.php\/wp-json\/wp\/v2\/tags?post=203006"}],"curies":[{"name":"wp","href":"https:\/\/api.w.org\/{rel}","templated":true}]}}