{"id":203028,"date":"2025-04-18T18:00:00","date_gmt":"2025-04-18T21:00:00","guid":{"rendered":"https:\/\/corrientesdetarde.com\/?p=203028"},"modified":"2025-04-18T17:47:23","modified_gmt":"2025-04-18T20:47:23","slug":"los-supermercados-ratificaron-que-no-aceptaran-aumentos-desmedidos-de-precios-y-tensan-la-negociacion","status":"publish","type":"post","link":"https:\/\/corrientesdetarde.com\/index.php\/economia\/los-supermercados-ratificaron-que-no-aceptaran-aumentos-desmedidos-de-precios-y-tensan-la-negociacion\/","title":{"rendered":"Los supermercados ratificaron que no aceptar\u00e1n \u201caumentos desmedidos\u201d de precios y tensan la negociaci\u00f3n."},"content":{"rendered":"\n<h2 class=\"wp-block-heading\">Desde la federaci\u00f3n que agrupa a los comerciantes aseguraron que no tienen responsabilidad en los costos que les llegan a los consumidores. Afirman que los proveedores enviaron listas con subas del 9%.<\/h2>\n\n\n\n<p>En plena negociaci\u00f3n con los proveedores, los<strong>\u00a0supermercadistas<\/strong>\u00a0ratificaron que <strong>no aceptar\u00e1n \u201caumentos desmedidos\u201d<\/strong>\u00a0de las listas que les llegaron tras la implementaci\u00f3n del nuevo esquema cambiario y reiteraron que \u201c<strong>no son formadores de precios<\/strong>\u201d.<\/p>\n\n\n\n<p>\u201cTodos\u00a0<strong>estamos de acuerdo en no convalidar las listas de precios con aumentos desmedidos<\/strong>. Nuestra responsabilidad es cuidar el bolsillo del cliente\u201d, asegur\u00f3 el presidente de la<em>\u00a0Federaci\u00f3n Argentina de supermercados y autoservicios<\/em>,\u00a0<strong>Ricardo Zorz\u00f3n<\/strong>.<\/p>\n\n\n\n<p>En marzo,\u00a0los alimentos subieron\u00a0<strong>5,9%<\/strong>, muy por encima del \u00edndice general de inflaci\u00f3n, que alcanz\u00f3 3,7%. Los productos de la canasta b\u00e1sica anotaron el registro m\u00e1s alto en los \u00faltimos siete meses. Sobre ese punto, el titular de la Federaci\u00f3n se\u00f1al\u00f3 que hoy la gente compra \u201cen el negocio que m\u00e1s le conviene\u201d.<\/p>\n\n\n\n<p>\u201c<strong>Nosotros no somos formadores de precios<\/strong>. Tenemos que trasladar los precios que nos trae la industria, pero el que hace un<strong>\u00a0aumento desmedido<\/strong>\u00a0<strong>no lo convalidamos<\/strong>\u201d, reiter\u00f3 Zorz\u00f3n en un contexto en el que\u00a0el consumo en los supermercados y autoservicios cay\u00f3 5,4%\u00a0interanual en marzo, seg\u00fan el relevamiento de la consultora\u00a0<em>Scentia<\/em>.<\/p>\n\n\n\n<p>Este jueves, el presidente de la&nbsp;<em>C\u00e1mara Argentina de Supermercados (CAS)<\/em>,&nbsp;<strong>V\u00edctor Palpacelli<\/strong>, confirm\u00f3 que se encuentran en&nbsp;<strong>plena negociaci\u00f3n<\/strong>&nbsp;con los proveedores para no trasladar a las g\u00f3ndolas las listas de precios con aumentos de hasta 12% que enviaron las alimenticias.<\/p>\n\n\n\n<p>\u201cEstamos en una&nbsp;<strong>etapa de di\u00e1logo<\/strong>&nbsp;<strong>con la industria y empresas<\/strong>&nbsp;para tratar de ver qu\u00e9 posibilidades hay de no modificar esas listas y volver para atr\u00e1s estas comunicaciones\u201c, explic\u00f3 el titular de CAS. Este mi\u00e9rcoles, los supermercadistas rechazaron las listas de precios con incrementos de hasta 12%. Para Palpacelli, \u201c<strong>son muy apresuradas este tipo de modificaciones<\/strong>\u201d.<\/p>\n\n\n\n<p>Desde la&nbsp;<strong>Asociaci\u00f3n de Supermercados Unidos (ASU)<\/strong>&nbsp;tambi\u00e9n emitieron un comunicado&nbsp;<strong>en contra de los ajustes de precios<\/strong>&nbsp;los proveedores. \u201cNuestro firme prop\u00f3sito es no aceptar listas de nuestros proveedores que contengan aumentos&nbsp;<strong>desmedidos y\/o especulativos<\/strong>\u201d, informaron.<\/p>\n\n\n\n<h2 class=\"wp-block-heading\">Cu\u00e1nto subieron los alimentos en lo que va de abril<\/h2>\n\n\n\n<p>El \u00faltimo relevamiento de la consultora privada&nbsp;<em>LCG&nbsp;<\/em>se\u00f1al\u00f3 que los precios de los alimentos y bebidas<strong>&nbsp;present\u00f3 una suba de 0,8%<\/strong>&nbsp;en la tercera semana de abril. De esta manera, en lo que va de abril, la inflaci\u00f3n acumulada en ese rubro trep\u00f3 al&nbsp;<strong>2,5%<\/strong>.<\/p>\n\n\n\n<p>Entre los aumentos&nbsp;<strong>m\u00e1s destacados de la tercera semana<\/strong>&nbsp;de abril figuran el&nbsp;<strong>az\u00facar<\/strong>, miel, dulces y cacao (3,5%), aceites (3%), carnes (2,5%) y las frutas (2,3%).<\/p>\n\n\n\n<figure class=\"wp-block-image\"><img decoding=\"async\" src=\"https:\/\/tn.com.ar\/resizer\/v2\/segun-lcg-los-alimentos-acumulan-un-alza-de-38-en-las-ultimas-cuatro-semanas-foto-lcg-XYO2ZHAQQVG63BJOBNQ3MLCXSA.PNG?auth=57958cf3cd6818261db2ef82622ca4689d4e8f397a5d17353c85f4853de159e7&amp;width=767\" alt=\"Seg\u00fan LCG, los alimentos acumulan un alza de 3,8% en las \u00faltimas cuatro semanas. (Foto: LCG).\"\/><figcaption class=\"wp-element-caption\">Seg\u00fan LCG, los alimentos acumulan un alza de 3,8% en las \u00faltimas cuatro semanas. (Foto: LCG).<\/figcaption><\/figure>\n\n\n\n<p>Asimismo, en el promedio de las&nbsp;<strong>\u00faltimas cuatro semanas<\/strong>, las<strong>&nbsp;carnes subieron 8,1%<\/strong>; los condimentos y otros productos alimenticios 5% y los l\u00e1cteos 4,6%.<\/p>\n","protected":false},"excerpt":{"rendered":"<p>Desde la federaci\u00f3n que agrupa a los comerciantes aseguraron que no tienen responsabilidad en los costos que les llegan a los consumidores. Afirman que los proveedores enviaron listas con subas&hellip; <\/p>\n","protected":false},"author":6,"featured_media":203029,"comment_status":"closed","ping_status":"open","sticky":false,"template":"","format":"standard","meta":{"footnotes":""},"categories":[20],"tags":[],"class_list":["post-203028","post","type-post","status-publish","format-standard","has-post-thumbnail","hentry","category-economia"],"_links":{"self":[{"href":"https:\/\/corrientesdetarde.com\/index.php\/wp-json\/wp\/v2\/posts\/203028","targetHints":{"allow":["GET"]}}],"collection":[{"href":"https:\/\/corrientesdetarde.com\/index.php\/wp-json\/wp\/v2\/posts"}],"about":[{"href":"https:\/\/corrientesdetarde.com\/index.php\/wp-json\/wp\/v2\/types\/post"}],"author":[{"embeddable":true,"href":"https:\/\/corrientesdetarde.com\/index.php\/wp-json\/wp\/v2\/users\/6"}],"replies":[{"embeddable":true,"href":"https:\/\/corrientesdetarde.com\/index.php\/wp-json\/wp\/v2\/comments?post=203028"}],"version-history":[{"count":1,"href":"https:\/\/corrientesdetarde.com\/index.php\/wp-json\/wp\/v2\/posts\/203028\/revisions"}],"predecessor-version":[{"id":203030,"href":"https:\/\/corrientesdetarde.com\/index.php\/wp-json\/wp\/v2\/posts\/203028\/revisions\/203030"}],"wp:featuredmedia":[{"embeddable":true,"href":"https:\/\/corrientesdetarde.com\/index.php\/wp-json\/wp\/v2\/media\/203029"}],"wp:attachment":[{"href":"https:\/\/corrientesdetarde.com\/index.php\/wp-json\/wp\/v2\/media?parent=203028"}],"wp:term":[{"taxonomy":"category","embeddable":true,"href":"https:\/\/corrientesdetarde.com\/index.php\/wp-json\/wp\/v2\/categories?post=203028"},{"taxonomy":"post_tag","embeddable":true,"href":"https:\/\/corrientesdetarde.com\/index.php\/wp-json\/wp\/v2\/tags?post=203028"}],"curies":[{"name":"wp","href":"https:\/\/api.w.org\/{rel}","templated":true}]}}