{"id":203048,"date":"2025-04-18T18:42:00","date_gmt":"2025-04-18T21:42:00","guid":{"rendered":"https:\/\/corrientesdetarde.com\/?p=203048"},"modified":"2025-04-18T18:17:11","modified_gmt":"2025-04-18T21:17:11","slug":"expectativas-favorables-para-el-negocio-ganadero-y-lechero","status":"publish","type":"post","link":"https:\/\/corrientesdetarde.com\/index.php\/economia\/expectativas-favorables-para-el-negocio-ganadero-y-lechero\/","title":{"rendered":"Expectativas favorables para el negocio ganadero y lechero."},"content":{"rendered":"\n<h2 class=\"wp-block-heading\">Una encuesta indica que la mayor parte de los empresarios agropecuarios son optimistas con respecto a la evoluci\u00f3n de ambas actividades, aunque los precios encienden una luz de alerta.<\/h2>\n\n\n\n<p>La \u00faltima encuesta SEA realizada en el pasado mes de marzo por CREA refleja que los empresarios ganaderos y lecheros se muestran optimistas con respecto a la evoluci\u00f3n del negocio. La producci\u00f3n forrajera informada por los asesores fue igual o mejor a la registrada en el per\u00edodo anterior \u2013con excepci\u00f3n de Norte de Buenos Aires, Centro y Chaco Santiague\u00f1o\u2013 para el 73% de los Grupos CREA que realizan ganader\u00eda.<\/p>\n\n\n\n<p>La mitad de los 644 consultados ya contaba con el dato de pre\u00f1ez al momento del relevamiento, lo que permiti\u00f3 obtener un estimado promedio del 87% a nivel nacional (cifra similar a la registrada en 2024).<\/p>\n\n\n\n<p>En cuanto a las primeras expectativas de destete, indican un crecimiento de 2% en la cantidad de cabezas respecto a 2024. Los mayores incrementos relativos se prev\u00e9n en las regiones Oeste Arenoso (+8,6%), Sur de Santa Fe (+8,3%), Norte y Centro de Santa Fe (+3,9% y 3,7% respectivamente), mientras que en C\u00f3rdoba Norte se relev\u00f3 un decrecimiento del 3,3%.<\/p>\n\n\n\n<p>Un 53% de los empresarios ganaderos consultados espera resultados superiores en el pr\u00f3ximo ejercicio respecto del anterior, aunque s\u00f3lo un 24% cree que eso estar\u00e1 sustentado en una recuperaci\u00f3n de los precios de la hacienda. En tanto, el el 52% de los empresarios CREA con granjas porcinas consideran tambi\u00e9n que el resultado del pr\u00f3ximo ejercicio ser\u00e1 superior al anterior, aunque en este caso, el 34% cree que eso se explicar\u00e1 por una suba del precio del cap\u00f3n.<\/p>\n\n\n\n<p>En lo que respecta a lecher\u00eda, un 49% de los asesores encuestados indic\u00f3 que en los \u00faltimos cuatro meses se hab\u00eda incrementado el uso de concentrados respecto del mismo cuatrimestre del ejercicio anterior, mientras que otro 49% los mantuvo. Y la mayor parte de las decisiones de aumento de uso de concentrados en las dietas de rodeos lecheros se explican por la buena relaci\u00f3n hist\u00f3rica de precios de la leche respecto de ese recurso alimenticio.<\/p>\n\n\n\n<p>Para los pr\u00f3ximos cuatro meses los empresarios tamberos consultados indicaron que proyectan una producci\u00f3n de leche 6,8% mayor a la del mismo per\u00edodo del a\u00f1o pasado, mientras que esa estimaci\u00f3n para el pr\u00f3ximo a\u00f1o asciende en promedio al 7,8% a nivel nacional.<\/p>\n\n\n\n<p>Un 51% de los empresarios tamberos espera resultados superiores en el pr\u00f3ximo ejercicio respecto del anterior, aunque s\u00f3lo un 19% cree que eso estar\u00e1 sustentado en una recuperaci\u00f3n de los precios de la leche. En tanto, otro 41% estima que no habr\u00e1 variaci\u00f3n en el resultado del nuevo ciclo. Asimismo, en lo que respecta a la proyecci\u00f3n de rentabilidad, \u00e9sta se viene independizando de la din\u00e1mica del precio de la leche, lo que indica que gran parte de esa expectativa se sostiene en mejoras competitivas end\u00f3genas.<\/p>\n","protected":false},"excerpt":{"rendered":"<p>Una encuesta indica que la mayor parte de los empresarios agropecuarios son optimistas con respecto a la evoluci\u00f3n de ambas actividades, aunque los precios encienden una luz de alerta. La&hellip; <\/p>\n","protected":false},"author":6,"featured_media":203049,"comment_status":"closed","ping_status":"open","sticky":false,"template":"","format":"standard","meta":{"footnotes":""},"categories":[20],"tags":[],"class_list":["post-203048","post","type-post","status-publish","format-standard","has-post-thumbnail","hentry","category-economia"],"_links":{"self":[{"href":"https:\/\/corrientesdetarde.com\/index.php\/wp-json\/wp\/v2\/posts\/203048","targetHints":{"allow":["GET"]}}],"collection":[{"href":"https:\/\/corrientesdetarde.com\/index.php\/wp-json\/wp\/v2\/posts"}],"about":[{"href":"https:\/\/corrientesdetarde.com\/index.php\/wp-json\/wp\/v2\/types\/post"}],"author":[{"embeddable":true,"href":"https:\/\/corrientesdetarde.com\/index.php\/wp-json\/wp\/v2\/users\/6"}],"replies":[{"embeddable":true,"href":"https:\/\/corrientesdetarde.com\/index.php\/wp-json\/wp\/v2\/comments?post=203048"}],"version-history":[{"count":1,"href":"https:\/\/corrientesdetarde.com\/index.php\/wp-json\/wp\/v2\/posts\/203048\/revisions"}],"predecessor-version":[{"id":203050,"href":"https:\/\/corrientesdetarde.com\/index.php\/wp-json\/wp\/v2\/posts\/203048\/revisions\/203050"}],"wp:featuredmedia":[{"embeddable":true,"href":"https:\/\/corrientesdetarde.com\/index.php\/wp-json\/wp\/v2\/media\/203049"}],"wp:attachment":[{"href":"https:\/\/corrientesdetarde.com\/index.php\/wp-json\/wp\/v2\/media?parent=203048"}],"wp:term":[{"taxonomy":"category","embeddable":true,"href":"https:\/\/corrientesdetarde.com\/index.php\/wp-json\/wp\/v2\/categories?post=203048"},{"taxonomy":"post_tag","embeddable":true,"href":"https:\/\/corrientesdetarde.com\/index.php\/wp-json\/wp\/v2\/tags?post=203048"}],"curies":[{"name":"wp","href":"https:\/\/api.w.org\/{rel}","templated":true}]}}