{"id":203092,"date":"2025-04-18T19:49:00","date_gmt":"2025-04-18T22:49:00","guid":{"rendered":"https:\/\/corrientesdetarde.com\/?p=203092"},"modified":"2025-04-18T19:47:36","modified_gmt":"2025-04-18T22:47:36","slug":"empieza-el-juicio-contra-la-mujer-que-mato-a-sus-dos-hijos-para-vengarse-de-su-expareja-en-corrientes","status":"publish","type":"post","link":"https:\/\/corrientesdetarde.com\/index.php\/crimen-y-justicia\/empieza-el-juicio-contra-la-mujer-que-mato-a-sus-dos-hijos-para-vengarse-de-su-expareja-en-corrientes\/","title":{"rendered":"Empieza el juicio contra la mujer que mat\u00f3 a sus dos hijos para vengarse de su expareja en Corrientes."},"content":{"rendered":"\n<h2 class=\"wp-block-heading\">El doble filicidio ocurri\u00f3 en noviembre de 2023. Las v\u00edctimas, de 5 y 8 a\u00f1os, fueron asesinadas a pu\u00f1aladas.<\/h2>\n\n\n\n<p>El pr\u00f3ximo martes 22 de abril, el Tribunal de Juicio de la ciudad correntina de Mercedes empezar\u00e1 a juzgar a Aldana Mu\u00f1oz, la mujer acusada de asesinar a pu\u00f1aladas a sus dos hijos, Sof\u00eda de cinco a\u00f1os y Dylan de ocho, la noche del 15 de noviembre de 2023.<\/p>\n\n\n\n<p>En el debate oral la acusaci\u00f3n buscar\u00e1 demostrar que Mu\u00f1oz no sufri\u00f3 ning\u00fan ataque psic\u00f3tico al cometer el doble filicidio. Para ello, ser\u00e1n claves los testimonios de familiares y los mensajes de texto que la propia acusada envi\u00f3 48 horas antes del hecho.<\/p>\n\n\n\n<p>Mu\u00f1oz, que actualmente se encuentra cumpliendo prisi\u00f3n preventiva en una unidad del Servicio Penitenciario provincial, enfrenta cargos por el delito de &#8220;homicidio agravado por el v\u00ednculo; con dos v\u00edctimas, dos hechos en concurso real&#8221;.<\/p>\n\n\n\n<p>Con la declaraci\u00f3n de testigos, peritos y expertos de diversas \u00e1reas, ofrecidos por las partes, est\u00e1 previsto que el juicio se extienda hasta el mes de mayo.<\/p>\n\n\n\n<h3 class=\"wp-block-heading\">&#8220;Silencio, los chicos duermen&#8221;<\/h3>\n\n\n\n<p>Aquel fat\u00eddico 15 de noviembre, cuando ocurrieron los hechos, el entorno m\u00e1s cercano de Aldana Mu\u00f1oz ya se encontraba alerta. Es que la mujer hab\u00eda cerrado sus cuentas en redes sociales, bloqueado a su familia y dej\u00f3 de responder lo mensajes.<\/p>\n\n\n\n<p>La tragedia se revel\u00f3 reci\u00e9n cuando la hermana de la mujer, preocupada, decidi\u00f3 ir hasta su casa y Aldana la recibi\u00f3 con la ropa ensangrentada.<\/p>\n\n\n\n<p>&#8220;Silencio, los chicos est\u00e1n durmiendo&#8221;, le dijo para que bajara el tono de voz. Apenas su hermana entr\u00f3 a la vivienda descubri\u00f3 la sangrienta escena.<\/p>\n\n\n\n<p>Los cuerpos de Sof\u00eda y Dylan, de cinco y ocho a\u00f1os, estaban sobre sus camas. La madre los hab\u00eda atacado a pu\u00f1aladas mientras dorm\u00edan. Despu\u00e9s, intent\u00f3 quitarse la vida pero solo se provoc\u00f3 heridas leves.<\/p>\n\n\n\n<p>Con el avance de la investigaci\u00f3n, se supo que la mujer estaba en un proceso de separaci\u00f3n de su pareja y hab\u00eda cortado la comunicaci\u00f3n con su familia.<\/p>\n\n\n\n<p>Un detalle que gener\u00f3 dudas sobre su imputabilidad fue que tras cometer el doble crimen no mostr\u00f3 culpa ni emociones, y asegur\u00f3 adem\u00e1s haber recibido la visita de un abuelo fallecido.<\/p>\n\n\n\n<p>Mu\u00f1oz fue detenida y trasladada al Hospital Doctor Fernando Irastorza, donde qued\u00f3 internada bajo una fuerte custodia policial para evitar que volviera a atentar contra su propia vida.<\/p>\n","protected":false},"excerpt":{"rendered":"<p>El doble filicidio ocurri\u00f3 en noviembre de 2023. Las v\u00edctimas, de 5 y 8 a\u00f1os, fueron asesinadas a pu\u00f1aladas. El pr\u00f3ximo martes 22 de abril, el Tribunal de Juicio de&hellip; <\/p>\n","protected":false},"author":6,"featured_media":203094,"comment_status":"closed","ping_status":"open","sticky":false,"template":"","format":"standard","meta":{"footnotes":""},"categories":[5],"tags":[],"class_list":["post-203092","post","type-post","status-publish","format-standard","has-post-thumbnail","hentry","category-crimen-y-justicia"],"_links":{"self":[{"href":"https:\/\/corrientesdetarde.com\/index.php\/wp-json\/wp\/v2\/posts\/203092","targetHints":{"allow":["GET"]}}],"collection":[{"href":"https:\/\/corrientesdetarde.com\/index.php\/wp-json\/wp\/v2\/posts"}],"about":[{"href":"https:\/\/corrientesdetarde.com\/index.php\/wp-json\/wp\/v2\/types\/post"}],"author":[{"embeddable":true,"href":"https:\/\/corrientesdetarde.com\/index.php\/wp-json\/wp\/v2\/users\/6"}],"replies":[{"embeddable":true,"href":"https:\/\/corrientesdetarde.com\/index.php\/wp-json\/wp\/v2\/comments?post=203092"}],"version-history":[{"count":1,"href":"https:\/\/corrientesdetarde.com\/index.php\/wp-json\/wp\/v2\/posts\/203092\/revisions"}],"predecessor-version":[{"id":203095,"href":"https:\/\/corrientesdetarde.com\/index.php\/wp-json\/wp\/v2\/posts\/203092\/revisions\/203095"}],"wp:featuredmedia":[{"embeddable":true,"href":"https:\/\/corrientesdetarde.com\/index.php\/wp-json\/wp\/v2\/media\/203094"}],"wp:attachment":[{"href":"https:\/\/corrientesdetarde.com\/index.php\/wp-json\/wp\/v2\/media?parent=203092"}],"wp:term":[{"taxonomy":"category","embeddable":true,"href":"https:\/\/corrientesdetarde.com\/index.php\/wp-json\/wp\/v2\/categories?post=203092"},{"taxonomy":"post_tag","embeddable":true,"href":"https:\/\/corrientesdetarde.com\/index.php\/wp-json\/wp\/v2\/tags?post=203092"}],"curies":[{"name":"wp","href":"https:\/\/api.w.org\/{rel}","templated":true}]}}