{"id":203103,"date":"2025-04-19T08:10:07","date_gmt":"2025-04-19T11:10:07","guid":{"rendered":"https:\/\/corrientesdetarde.com\/?p=203103"},"modified":"2025-04-19T08:10:10","modified_gmt":"2025-04-19T11:10:10","slug":"semana-santa-cultural-variada-y-para-todo-publico-en-caba","status":"publish","type":"post","link":"https:\/\/corrientesdetarde.com\/index.php\/cultura\/semana-santa-cultural-variada-y-para-todo-publico-en-caba\/","title":{"rendered":"SEMANA SANTA CULTURAL VARIADA Y PARA TODO PUBLICO EN CABA"},"content":{"rendered":"\n<p>(Por Bel\u00e9n Papa Orfano) &#8211; Semana Santa y a Ciudad de Buenos Aires se llena de cultura. Este finde XL hay propuestas de m\u00fasica barroca, Facundo Arana se anima al unipersonal, fotograf\u00eda en el Teatro San Mart\u00edn y un cl\u00e1sico del cine rom\u00e1ntico.<br>Arte<br>La propuesta de esta semana es fotogr\u00e1fica. \u201cAbstracciones de un sue\u00f1o. Retratos arquitect\u00f3nicos del Teatro San Mart\u00edn\u201d es una exposici\u00f3n de fotos que retrata los trayectos y zonas de pasaje, proliferaci\u00f3n de escaleras como instrumentos para desestabilizar los espacios y desatar la imaginaci\u00f3n.<br>Al prescindir de la figura humana, las im\u00e1genes de Jorge Mi\u00f1o dejan al desnudo la propia morfolog\u00eda del espacio arquitect\u00f3nico. La exhibici\u00f3n est\u00e1 abierta de martes a domingos, de 14 a 20 h, en la FotoGaler\u00eda del Teatro San Mart\u00edn.<br>Teatro San Mart\u00edn &#8211; Av. Corrientes 1530.<br>Cine<br>Viernes de oto\u00f1o es el ciclo de cine en el Centro Cultural Recoleta con cuatro films que giran alrededor del oto\u00f1o. El viernes 18 a las 18 horas se proyectar\u00e1 Cuando Harry conoci\u00f3 a Sally, dirigida por Rob Reiner.<br>Esta pel\u00edcula no solo narra c\u00f3mo dos amigos en realidad siempre estuvieron enamorados, sino que tambi\u00e9n explora las relaciones de varios personajes con la ciudad, especialmente con el clima oto\u00f1al de Nueva York. Entrada sin costo para argentinos y residentes, con reserva previa en la web del CCRecoleta<br>Centro Cultural Recoleta (Jun\u00edn 1930)<br>M\u00fasica<br>El domingo 20 de abril a las 11.30 horas se realizar\u00e1 en la Usina del Arte el concierto Pascua Barroca con la soprano Graciela Oddone y el contratenor Pablo Travaglino acompa\u00f1ados por Gustavo Di Giannantonio y Rodolfo Marchesini en viol\u00edn, Paula Weihm\u00fcller y Lucas Soria en viola, Mar\u00eda Jes\u00fas Ol\u00f3ndriz en violonchelo, Eugenia Montalto en flauta dulce y Jorge Lavista en clave y direcci\u00f3n.<br>Interpretar\u00e1n obras compuestas para la Semana Santa de Johann Sebastian Bach, Georg Friedrich Haendel, Antonio Vivaldi y Giovanni Battista Ferrandini. Entrada sin costo.<br>Usina del Arte &#8211; Agust\u00edn R. Caffarena 1<br>Teatro<br>Este fin de semana, Facundo Arana protagonizar\u00e1 En el aire, un espect\u00e1culo unipersonal que se presentar\u00e1 el s\u00e1bado 19 y domingo 20 de abril a las 20 horas en el Centro Cultural 25 de Mayo.<br>Con texto y direcci\u00f3n de Manuel Gonz\u00e1lez Gil, En el aire propone un viaje nost\u00e1lgico y sensible a trav\u00e9s de la figura de Marcos, un particular locutor radial que transmite su programa desde el escenario de un teatro en un pueblo del interior de Argentina. La entrada ser\u00e1 sin costo, con inscripci\u00f3n previa a trav\u00e9s de la del espacio.<br>Centro Cultural 25 de Mayo &#8211; Av. Triunvirato 4444<\/p>\n\n\n\n<p><\/p>\n","protected":false},"excerpt":{"rendered":"<p>(Por Bel\u00e9n Papa Orfano) &#8211; Semana Santa y a Ciudad de Buenos Aires se llena de cultura. Este finde XL hay propuestas de m\u00fasica barroca, Facundo Arana se anima al&hellip; <\/p>\n","protected":false},"author":11,"featured_media":203104,"comment_status":"closed","ping_status":"open","sticky":false,"template":"","format":"standard","meta":{"footnotes":""},"categories":[15],"tags":[],"class_list":["post-203103","post","type-post","status-publish","format-standard","has-post-thumbnail","hentry","category-cultura"],"_links":{"self":[{"href":"https:\/\/corrientesdetarde.com\/index.php\/wp-json\/wp\/v2\/posts\/203103","targetHints":{"allow":["GET"]}}],"collection":[{"href":"https:\/\/corrientesdetarde.com\/index.php\/wp-json\/wp\/v2\/posts"}],"about":[{"href":"https:\/\/corrientesdetarde.com\/index.php\/wp-json\/wp\/v2\/types\/post"}],"author":[{"embeddable":true,"href":"https:\/\/corrientesdetarde.com\/index.php\/wp-json\/wp\/v2\/users\/11"}],"replies":[{"embeddable":true,"href":"https:\/\/corrientesdetarde.com\/index.php\/wp-json\/wp\/v2\/comments?post=203103"}],"version-history":[{"count":1,"href":"https:\/\/corrientesdetarde.com\/index.php\/wp-json\/wp\/v2\/posts\/203103\/revisions"}],"predecessor-version":[{"id":203105,"href":"https:\/\/corrientesdetarde.com\/index.php\/wp-json\/wp\/v2\/posts\/203103\/revisions\/203105"}],"wp:featuredmedia":[{"embeddable":true,"href":"https:\/\/corrientesdetarde.com\/index.php\/wp-json\/wp\/v2\/media\/203104"}],"wp:attachment":[{"href":"https:\/\/corrientesdetarde.com\/index.php\/wp-json\/wp\/v2\/media?parent=203103"}],"wp:term":[{"taxonomy":"category","embeddable":true,"href":"https:\/\/corrientesdetarde.com\/index.php\/wp-json\/wp\/v2\/categories?post=203103"},{"taxonomy":"post_tag","embeddable":true,"href":"https:\/\/corrientesdetarde.com\/index.php\/wp-json\/wp\/v2\/tags?post=203103"}],"curies":[{"name":"wp","href":"https:\/\/api.w.org\/{rel}","templated":true}]}}