{"id":203106,"date":"2025-04-19T08:14:53","date_gmt":"2025-04-19T11:14:53","guid":{"rendered":"https:\/\/corrientesdetarde.com\/?p=203106"},"modified":"2025-04-19T08:14:57","modified_gmt":"2025-04-19T11:14:57","slug":"argentina-corre-hacia-la-informalidad-laboral-y-flexibilizacion-exigida-por-el-fmi","status":"publish","type":"post","link":"https:\/\/corrientesdetarde.com\/index.php\/informacion-general\/argentina-corre-hacia-la-informalidad-laboral-y-flexibilizacion-exigida-por-el-fmi\/","title":{"rendered":"ARGENTINA CORRE HACIA LA INFORMALIDAD LABORAL Y FLEXIBILIZACI\u00d3N EXIGIDA POR EL FMI"},"content":{"rendered":"\n<p>(Pablo Roma, Gremiales) &#8211; Argentina enfrenta una crisis laboral sin precedentes, donde m\u00e1s del 42% de la poblaci\u00f3n ocupada trabaja en condiciones informales, seg\u00fan datos del INDEC y la OIT . Esta situaci\u00f3n afecta especialmente a j\u00f3venes y mujeres, con tasas de informalidad que superan el 65% y 71% respectivamente .<\/p>\n\n\n\n<p>En este contexto, el gobierno de Javier Milei ha firmado un acuerdo con el Fondo Monetario Internacional (FMI) por 20.000 millones de d\u00f3lares, que incluye condiciones como la flexibilizaci\u00f3n de las relaciones laborales . Estas medidas recuerdan a las pol\u00edticas neoliberales de los a\u00f1os 90 y principios de los 2000, que resultaron en mayor precarizaci\u00f3n laboral y crisis econ\u00f3micas .\u200b<\/p>\n\n\n\n<p>La OIT ha alertado sobre las altas tasas de empleo informal y la precariedad en Am\u00e9rica Latina, destacando que, a pesar de algunos avances, la informalidad laboral sigue siendo una caracter\u00edstica predominante del mercado de trabajo en la regi\u00f3n .\u200b<\/p>\n\n\n\n<p>Las reformas propuestas por el FMI, que incluyen cambios en los esquemas de contrataci\u00f3n y el pago de salarios, podr\u00edan agravar la situaci\u00f3n de los trabajadores informales . Adem\u00e1s, se plantea una flexibilizaci\u00f3n laboral extrema, con despidos sin indemnizaci\u00f3n y contratos sin estabilidad .\u200b<\/p>\n\n\n\n<p>Es fundamental que las autoridades y la sociedad civil consideren el impacto de estas medidas en la poblaci\u00f3n m\u00e1s vulnerable y busquen soluciones que promuevan la formalizaci\u00f3n del empleo sin sacrificar los derechos laborales.\u200b<\/p>\n","protected":false},"excerpt":{"rendered":"<p>(Pablo Roma, Gremiales) &#8211; Argentina enfrenta una crisis laboral sin precedentes, donde m\u00e1s del 42% de la poblaci\u00f3n ocupada trabaja en condiciones informales, seg\u00fan datos del INDEC y la OIT&hellip; <\/p>\n","protected":false},"author":11,"featured_media":203107,"comment_status":"closed","ping_status":"open","sticky":false,"template":"","format":"standard","meta":{"footnotes":""},"categories":[1],"tags":[],"class_list":["post-203106","post","type-post","status-publish","format-standard","has-post-thumbnail","hentry","category-informacion-general"],"_links":{"self":[{"href":"https:\/\/corrientesdetarde.com\/index.php\/wp-json\/wp\/v2\/posts\/203106","targetHints":{"allow":["GET"]}}],"collection":[{"href":"https:\/\/corrientesdetarde.com\/index.php\/wp-json\/wp\/v2\/posts"}],"about":[{"href":"https:\/\/corrientesdetarde.com\/index.php\/wp-json\/wp\/v2\/types\/post"}],"author":[{"embeddable":true,"href":"https:\/\/corrientesdetarde.com\/index.php\/wp-json\/wp\/v2\/users\/11"}],"replies":[{"embeddable":true,"href":"https:\/\/corrientesdetarde.com\/index.php\/wp-json\/wp\/v2\/comments?post=203106"}],"version-history":[{"count":1,"href":"https:\/\/corrientesdetarde.com\/index.php\/wp-json\/wp\/v2\/posts\/203106\/revisions"}],"predecessor-version":[{"id":203108,"href":"https:\/\/corrientesdetarde.com\/index.php\/wp-json\/wp\/v2\/posts\/203106\/revisions\/203108"}],"wp:featuredmedia":[{"embeddable":true,"href":"https:\/\/corrientesdetarde.com\/index.php\/wp-json\/wp\/v2\/media\/203107"}],"wp:attachment":[{"href":"https:\/\/corrientesdetarde.com\/index.php\/wp-json\/wp\/v2\/media?parent=203106"}],"wp:term":[{"taxonomy":"category","embeddable":true,"href":"https:\/\/corrientesdetarde.com\/index.php\/wp-json\/wp\/v2\/categories?post=203106"},{"taxonomy":"post_tag","embeddable":true,"href":"https:\/\/corrientesdetarde.com\/index.php\/wp-json\/wp\/v2\/tags?post=203106"}],"curies":[{"name":"wp","href":"https:\/\/api.w.org\/{rel}","templated":true}]}}