{"id":203109,"date":"2025-04-19T08:46:09","date_gmt":"2025-04-19T11:46:09","guid":{"rendered":"https:\/\/corrientesdetarde.com\/?p=203109"},"modified":"2025-04-19T08:46:14","modified_gmt":"2025-04-19T11:46:14","slug":"alta-diversidad-genetica-de-los-yaguaretes-introducidos-al-ibera","status":"publish","type":"post","link":"https:\/\/corrientesdetarde.com\/index.php\/medio-ambiente\/alta-diversidad-genetica-de-los-yaguaretes-introducidos-al-ibera\/","title":{"rendered":"Alta diversidad gen\u00e9tica de los yaguaret\u00e9s introducidos al Iber\u00e1"},"content":{"rendered":"\n<p>El primer an\u00e1lisis gen\u00e9tico de la poblaci\u00f3n de yaguaret\u00e9s reintroducida en los Esteros del Iber\u00e1 arroj\u00f3 resultados satisfactorios y alentadores basados en su diversidad gen\u00e9tica que es alta y comparable a la de las poblaciones m\u00e1s saludables de la especie en la cuenca amaz\u00f3nica, donde cuentan con una mayor cantidad de espec\u00edmenes.<\/p>\n\n\n\n<p><\/p>\n\n\n\n<p>Para evaluar este aspecto clave, la Fundaci\u00f3n Rewilding Argentina trabaj\u00f3 junto a cient\u00edficos de Brasil utilizando la t\u00e9cnica m\u00e1s avanzada disponible: la secuenciaci\u00f3n completa del genoma.<\/p>\n\n\n\n<p>Este estudio les permiti\u00f3 tomar decisiones informadas para garantizar la viabilidad de la poblaci\u00f3n en el largo plazo.<\/p>\n\n\n\n<p>Esto significa un punto de partida muy importante para el proyecto de reintroducci\u00f3n del animal, ya que a ello se suma el monitoreo continuo para la recopilaci\u00f3n de datos que proporcionar\u00e1 informaci\u00f3n sin precedentes sobre la evoluci\u00f3n de una poblaci\u00f3n silvestre de yaguaret\u00e9s.<\/p>\n\n\n\n<p>Desde la Fundaci\u00f3n Rewilding Argentina seguir\u00e1n monitoreando la diversidad gen\u00e9tica a\u00f1adiendo al an\u00e1lisis las pr\u00f3ximas generaciones de yaguaret\u00e9s para asegurar que el gran felino de los esteros recupere su rol ecol\u00f3gico en Iber\u00e1.<\/p>\n","protected":false},"excerpt":{"rendered":"<p>El primer an\u00e1lisis gen\u00e9tico de la poblaci\u00f3n de yaguaret\u00e9s reintroducida en los Esteros del Iber\u00e1 arroj\u00f3 resultados satisfactorios y alentadores basados en su diversidad gen\u00e9tica que es alta y comparable&hellip; <\/p>\n","protected":false},"author":1,"featured_media":203115,"comment_status":"closed","ping_status":"open","sticky":false,"template":"","format":"standard","meta":{"footnotes":""},"categories":[26,6],"tags":[],"class_list":["post-203109","post","type-post","status-publish","format-standard","has-post-thumbnail","hentry","category-destacados","category-medio-ambiente"],"_links":{"self":[{"href":"https:\/\/corrientesdetarde.com\/index.php\/wp-json\/wp\/v2\/posts\/203109","targetHints":{"allow":["GET"]}}],"collection":[{"href":"https:\/\/corrientesdetarde.com\/index.php\/wp-json\/wp\/v2\/posts"}],"about":[{"href":"https:\/\/corrientesdetarde.com\/index.php\/wp-json\/wp\/v2\/types\/post"}],"author":[{"embeddable":true,"href":"https:\/\/corrientesdetarde.com\/index.php\/wp-json\/wp\/v2\/users\/1"}],"replies":[{"embeddable":true,"href":"https:\/\/corrientesdetarde.com\/index.php\/wp-json\/wp\/v2\/comments?post=203109"}],"version-history":[{"count":1,"href":"https:\/\/corrientesdetarde.com\/index.php\/wp-json\/wp\/v2\/posts\/203109\/revisions"}],"predecessor-version":[{"id":203116,"href":"https:\/\/corrientesdetarde.com\/index.php\/wp-json\/wp\/v2\/posts\/203109\/revisions\/203116"}],"wp:featuredmedia":[{"embeddable":true,"href":"https:\/\/corrientesdetarde.com\/index.php\/wp-json\/wp\/v2\/media\/203115"}],"wp:attachment":[{"href":"https:\/\/corrientesdetarde.com\/index.php\/wp-json\/wp\/v2\/media?parent=203109"}],"wp:term":[{"taxonomy":"category","embeddable":true,"href":"https:\/\/corrientesdetarde.com\/index.php\/wp-json\/wp\/v2\/categories?post=203109"},{"taxonomy":"post_tag","embeddable":true,"href":"https:\/\/corrientesdetarde.com\/index.php\/wp-json\/wp\/v2\/tags?post=203109"}],"curies":[{"name":"wp","href":"https:\/\/api.w.org\/{rel}","templated":true}]}}