{"id":203110,"date":"2025-04-19T08:43:47","date_gmt":"2025-04-19T11:43:47","guid":{"rendered":"https:\/\/corrientesdetarde.com\/?p=203110"},"modified":"2025-04-19T08:43:48","modified_gmt":"2025-04-19T11:43:48","slug":"el-mensaje-del-papa-francisco-en-el-viernes-santo-la-economia-de-dios-no-mata-ni-aplasta","status":"publish","type":"post","link":"https:\/\/corrientesdetarde.com\/index.php\/destacados\/el-mensaje-del-papa-francisco-en-el-viernes-santo-la-economia-de-dios-no-mata-ni-aplasta\/","title":{"rendered":"El mensaje del papa Francisco en el Viernes Santo: &#8220;La econom\u00eda de Dios no mata ni aplasta&#8221;"},"content":{"rendered":"\n<p>El papa Francisco no formar\u00e1 parte del tradicional V\u00eda Crucis de Viernes Santo llevado a cabo en Roma debido al fr\u00edo intenso y su delicado cuadro de salud, pero comparti\u00f3 en sus redes sociales las meditaciones y reflexiones escritas que se leer\u00e1n en la celebraci\u00f3n donde se\u00f1ala que &#8220;la econom\u00eda de Dios no mata ni aplasta&#8221;.<\/p>\n\n\n\n<p>&#8220;La v\u00eda del calvario pasa por nuestras calles de todos los d\u00edas. Nosotros, Se\u00f1or, por lo general vamos en direcci\u00f3n opuesta a la tuya. Precisamente de ese modo puede ocurrir que nos encontremos con tu rostro, que nos crucemos con tu mirada\u00bb, son las palabras iniciales que se expresaran en la celebraci\u00f3n que en este a\u00f1o estar\u00e1n presididas por el delegado del Papa y vicario de Roma, el cardenal Baldassare Reina.<br>&nbsp;<br>Durante las 14 estaciones en las que se describe la Pasi\u00f3n de Cristo, Francisco reflexiona sobre el momento actual del mundo, escribe una oraci\u00f3n y reza &#8220;para desafiar una econom\u00eda que mata&#8221; y &#8220;por los que est\u00e1n en las fronteras y sienten que su viaje ha terminado&#8221;.<\/p>\n\n\n\n<p>En la misma, propone &#8220;abrazar la econom\u00eda de Dios, que no mata, no descarta, no aplasta. Es humilde, fiel a la tierra&#8221;.<\/p>\n\n\n\n<p>&#8220;En el camino de la cruz nuestro rostro, como el tuyo, puede volverse finalmente resplandeciente y derramar bendiciones. Has grabado en nosotros la memoria, presentimiento de tu regreso, cuando nos reconocer\u00e1s con la primera mirada, uno a uno&#8221;, public\u00f3 Francisco en su cuenta de X donde dej\u00f3 un enlace con la reflexi\u00f3n completa.<\/p>\n\n\n\n<p>Hasta el momento, el Vaticano no confirm\u00f3 de manera oficial la presencia del Papa los distintos eventos que se llevan a cabo durante la Semana Santa. El jueves, Francisco quiso continuar con la tradici\u00f3n que comenz\u00f3 los Jueves Santos y estuvo en la c\u00e1rcel de Regina Coeli, en el barrio de Trastevere donde estuvo con 70 presos.<\/p>\n","protected":false},"excerpt":{"rendered":"<p>El papa Francisco no formar\u00e1 parte del tradicional V\u00eda Crucis de Viernes Santo llevado a cabo en Roma debido al fr\u00edo intenso y su delicado cuadro de salud, pero comparti\u00f3&hellip; <\/p>\n","protected":false},"author":1,"featured_media":192958,"comment_status":"closed","ping_status":"open","sticky":false,"template":"","format":"standard","meta":{"footnotes":""},"categories":[26],"tags":[],"class_list":["post-203110","post","type-post","status-publish","format-standard","has-post-thumbnail","hentry","category-destacados"],"_links":{"self":[{"href":"https:\/\/corrientesdetarde.com\/index.php\/wp-json\/wp\/v2\/posts\/203110","targetHints":{"allow":["GET"]}}],"collection":[{"href":"https:\/\/corrientesdetarde.com\/index.php\/wp-json\/wp\/v2\/posts"}],"about":[{"href":"https:\/\/corrientesdetarde.com\/index.php\/wp-json\/wp\/v2\/types\/post"}],"author":[{"embeddable":true,"href":"https:\/\/corrientesdetarde.com\/index.php\/wp-json\/wp\/v2\/users\/1"}],"replies":[{"embeddable":true,"href":"https:\/\/corrientesdetarde.com\/index.php\/wp-json\/wp\/v2\/comments?post=203110"}],"version-history":[{"count":1,"href":"https:\/\/corrientesdetarde.com\/index.php\/wp-json\/wp\/v2\/posts\/203110\/revisions"}],"predecessor-version":[{"id":203114,"href":"https:\/\/corrientesdetarde.com\/index.php\/wp-json\/wp\/v2\/posts\/203110\/revisions\/203114"}],"wp:featuredmedia":[{"embeddable":true,"href":"https:\/\/corrientesdetarde.com\/index.php\/wp-json\/wp\/v2\/media\/192958"}],"wp:attachment":[{"href":"https:\/\/corrientesdetarde.com\/index.php\/wp-json\/wp\/v2\/media?parent=203110"}],"wp:term":[{"taxonomy":"category","embeddable":true,"href":"https:\/\/corrientesdetarde.com\/index.php\/wp-json\/wp\/v2\/categories?post=203110"},{"taxonomy":"post_tag","embeddable":true,"href":"https:\/\/corrientesdetarde.com\/index.php\/wp-json\/wp\/v2\/tags?post=203110"}],"curies":[{"name":"wp","href":"https:\/\/api.w.org\/{rel}","templated":true}]}}