{"id":203129,"date":"2025-04-19T09:40:06","date_gmt":"2025-04-19T12:40:06","guid":{"rendered":"https:\/\/corrientesdetarde.com\/?p=203129"},"modified":"2025-04-19T09:40:10","modified_gmt":"2025-04-19T12:40:10","slug":"capacitan-en-traumatologia-laboral-a-agentes-de-la-provincia","status":"publish","type":"post","link":"https:\/\/corrientesdetarde.com\/index.php\/bienestar-y-salud\/capacitan-en-traumatologia-laboral-a-agentes-de-la-provincia\/","title":{"rendered":"Capacitan en traumatolog\u00eda laboral a agentes de la Provincia"},"content":{"rendered":"\n<p><strong><em>Se abordaron sistema de riesgo de trabajo y sistema previsional, goniometr\u00eda, y lesiones traum\u00e1ticas y no traum\u00e1ticas, entre otros temas. Se capacit\u00f3 a personal de Reconocimientos M\u00e9dicos del Gobierno de Corrientes y m\u00e9dicos interesados. Se realiz\u00f3 entre el 11 y 12 de este mes, organizado entre el Ministerio de Hacienda y Finanzas y la Facultad de Medicina de la UNNE.<\/em><\/strong><\/p>\n\n\n\n<p><\/p>\n\n\n\n<p>El personal de la Subdirecci\u00f3n de Reconocimientos M\u00e9dicos del Ministerio de Hacienda y Finanzas del Gobierno de Corrientes, y m\u00e9dicos interesados, se capacitaron en traumatolog\u00eda laboral durante una jornada de especializaci\u00f3n que se desarroll\u00f3 entre el 11 y 12 de este mes.<\/p>\n\n\n\n<p>La capacitaci\u00f3n se llam\u00f3 Actualizaci\u00f3n en traumatolog\u00eda laboral que, en la modalidad presencial, se realiz\u00f3 en el Sal\u00f3n de la Reforma de la sede de la Facultad de Medicina de la Universidad Nacional del Nordeste (UNNE), en la ciudad de Corrientes.<\/p>\n\n\n\n<p>La actividad fue organizada por la Subdirecci\u00f3n de Reconocimientos M\u00e9dicos del Ministerio de Hacienda y Finanzas, en conjunto con la Facultad de Medicina de la UNNE. El docente a cargo fue M\u00e9dico especialista en ortopedia y traumatolog\u00eda Alejandro Savino<\/p>\n\n\n\n<p><strong>Los temas<\/strong><\/p>\n\n\n\n<p>En la actualizaci\u00f3n, se abordaron los siguientes temas: Diferencias en an\u00e1lisis comparativo entre el sistema de riesgo de trabajo y el sistema previsional. C\u00e1lculos de incapacidad. Goniometr\u00eda.Lesiones traum\u00e1ticas y no traum\u00e1ticas. Miembros inferiores. Columna vertebral<\/p>\n\n\n<div class=\"wp-block-image\">\n<figure class=\"aligncenter size-full\"><img loading=\"lazy\" decoding=\"async\" width=\"660\" height=\"562\" src=\"https:\/\/corrientesdetarde.com\/wp-content\/uploads\/2025\/04\/image-714.png\" alt=\"\" class=\"wp-image-203136\" srcset=\"https:\/\/corrientesdetarde.com\/wp-content\/uploads\/2025\/04\/image-714.png 660w, https:\/\/corrientesdetarde.com\/wp-content\/uploads\/2025\/04\/image-714-300x255.png 300w\" sizes=\"auto, (max-width: 660px) 100vw, 660px\" \/><\/figure>\n<\/div>\n\n\n<figure class=\"wp-block-image size-large\"><img loading=\"lazy\" decoding=\"async\" width=\"1024\" height=\"680\" src=\"https:\/\/corrientesdetarde.com\/wp-content\/uploads\/2025\/04\/image-713-1024x680.png\" alt=\"\" class=\"wp-image-203135\" srcset=\"https:\/\/corrientesdetarde.com\/wp-content\/uploads\/2025\/04\/image-713-1024x680.png 1024w, https:\/\/corrientesdetarde.com\/wp-content\/uploads\/2025\/04\/image-713-300x199.png 300w, https:\/\/corrientesdetarde.com\/wp-content\/uploads\/2025\/04\/image-713-768x510.png 768w, https:\/\/corrientesdetarde.com\/wp-content\/uploads\/2025\/04\/image-713.png 1118w\" sizes=\"auto, (max-width: 1024px) 100vw, 1024px\" \/><\/figure>\n","protected":false},"excerpt":{"rendered":"<p>Se abordaron sistema de riesgo de trabajo y sistema previsional, goniometr\u00eda, y lesiones traum\u00e1ticas y no traum\u00e1ticas, entre otros temas. Se capacit\u00f3 a personal de Reconocimientos M\u00e9dicos del Gobierno de&hellip; <\/p>\n","protected":false},"author":1,"featured_media":203137,"comment_status":"closed","ping_status":"open","sticky":false,"template":"","format":"standard","meta":{"footnotes":""},"categories":[16],"tags":[],"class_list":["post-203129","post","type-post","status-publish","format-standard","has-post-thumbnail","hentry","category-bienestar-y-salud"],"_links":{"self":[{"href":"https:\/\/corrientesdetarde.com\/index.php\/wp-json\/wp\/v2\/posts\/203129","targetHints":{"allow":["GET"]}}],"collection":[{"href":"https:\/\/corrientesdetarde.com\/index.php\/wp-json\/wp\/v2\/posts"}],"about":[{"href":"https:\/\/corrientesdetarde.com\/index.php\/wp-json\/wp\/v2\/types\/post"}],"author":[{"embeddable":true,"href":"https:\/\/corrientesdetarde.com\/index.php\/wp-json\/wp\/v2\/users\/1"}],"replies":[{"embeddable":true,"href":"https:\/\/corrientesdetarde.com\/index.php\/wp-json\/wp\/v2\/comments?post=203129"}],"version-history":[{"count":1,"href":"https:\/\/corrientesdetarde.com\/index.php\/wp-json\/wp\/v2\/posts\/203129\/revisions"}],"predecessor-version":[{"id":203138,"href":"https:\/\/corrientesdetarde.com\/index.php\/wp-json\/wp\/v2\/posts\/203129\/revisions\/203138"}],"wp:featuredmedia":[{"embeddable":true,"href":"https:\/\/corrientesdetarde.com\/index.php\/wp-json\/wp\/v2\/media\/203137"}],"wp:attachment":[{"href":"https:\/\/corrientesdetarde.com\/index.php\/wp-json\/wp\/v2\/media?parent=203129"}],"wp:term":[{"taxonomy":"category","embeddable":true,"href":"https:\/\/corrientesdetarde.com\/index.php\/wp-json\/wp\/v2\/categories?post=203129"},{"taxonomy":"post_tag","embeddable":true,"href":"https:\/\/corrientesdetarde.com\/index.php\/wp-json\/wp\/v2\/tags?post=203129"}],"curies":[{"name":"wp","href":"https:\/\/api.w.org\/{rel}","templated":true}]}}