{"id":203580,"date":"2025-04-21T22:58:57","date_gmt":"2025-04-22T01:58:57","guid":{"rendered":"https:\/\/corrientesdetarde.com\/?p=203580"},"modified":"2025-04-21T22:59:02","modified_gmt":"2025-04-22T01:59:02","slug":"dos-jovenes-fueron-demorados-cerca-de-una-escuela-correntina","status":"publish","type":"post","link":"https:\/\/corrientesdetarde.com\/index.php\/policiales\/dos-jovenes-fueron-demorados-cerca-de-una-escuela-correntina\/","title":{"rendered":"Dos j\u00f3venes fueron demorados cerca de una escuela correntina"},"content":{"rendered":"\n<p>Al ser consultados, los demorados no pudieron acreditar la propiedad del rodado, una motocicleta de 110 cc, lo que llev\u00f3 a los agentes a realizar un secuestro preventivo del veh\u00edculo. La situaci\u00f3n qued\u00f3 registrada en el lugar para la continuaci\u00f3n de las actuaciones legales correspondientes.<\/p>\n\n\n\n<p>En la noche de este domingo 20, alrededor de las 21, personal policial de la Comisar\u00eda 14 Urbana intercept\u00f3 a dos j\u00f3venes que circulaban en una motocicleta en una zona del barrio con escasa iluminaci\u00f3n. Los efectivos realizaban tareas de patrullaje preventivo cuando detectaron una actitud sospechosa de los individuos.<\/p>\n\n\n\n<p>Los j\u00f3venes se encontraban en las inmediaciones de una escuela, observando tanto el interior de las viviendas cercanas como el establecimiento educativo. Ante la presencia policial, no pudieron justificar su accionar ni explicar la raz\u00f3n de su permanencia en el lugar, lo que gener\u00f3 mayores sospechas.<\/p>\n\n\n\n<p>Tanto los j\u00f3venes como la motocicleta fueron trasladados a la Comisar\u00eda 14\u00b0, donde se est\u00e1n realizando las diligencias necesarias para esclarecer los hechos y determinar la situaci\u00f3n legal de los implicados.<\/p>\n","protected":false},"excerpt":{"rendered":"<p>Al ser consultados, los demorados no pudieron acreditar la propiedad del rodado, una motocicleta de 110 cc, lo que llev\u00f3 a los agentes a realizar un secuestro preventivo del veh\u00edculo.&hellip; <\/p>\n","protected":false},"author":4,"featured_media":203581,"comment_status":"closed","ping_status":"open","sticky":false,"template":"","format":"standard","meta":{"footnotes":""},"categories":[33],"tags":[],"class_list":["post-203580","post","type-post","status-publish","format-standard","has-post-thumbnail","hentry","category-policiales"],"_links":{"self":[{"href":"https:\/\/corrientesdetarde.com\/index.php\/wp-json\/wp\/v2\/posts\/203580","targetHints":{"allow":["GET"]}}],"collection":[{"href":"https:\/\/corrientesdetarde.com\/index.php\/wp-json\/wp\/v2\/posts"}],"about":[{"href":"https:\/\/corrientesdetarde.com\/index.php\/wp-json\/wp\/v2\/types\/post"}],"author":[{"embeddable":true,"href":"https:\/\/corrientesdetarde.com\/index.php\/wp-json\/wp\/v2\/users\/4"}],"replies":[{"embeddable":true,"href":"https:\/\/corrientesdetarde.com\/index.php\/wp-json\/wp\/v2\/comments?post=203580"}],"version-history":[{"count":1,"href":"https:\/\/corrientesdetarde.com\/index.php\/wp-json\/wp\/v2\/posts\/203580\/revisions"}],"predecessor-version":[{"id":203582,"href":"https:\/\/corrientesdetarde.com\/index.php\/wp-json\/wp\/v2\/posts\/203580\/revisions\/203582"}],"wp:featuredmedia":[{"embeddable":true,"href":"https:\/\/corrientesdetarde.com\/index.php\/wp-json\/wp\/v2\/media\/203581"}],"wp:attachment":[{"href":"https:\/\/corrientesdetarde.com\/index.php\/wp-json\/wp\/v2\/media?parent=203580"}],"wp:term":[{"taxonomy":"category","embeddable":true,"href":"https:\/\/corrientesdetarde.com\/index.php\/wp-json\/wp\/v2\/categories?post=203580"},{"taxonomy":"post_tag","embeddable":true,"href":"https:\/\/corrientesdetarde.com\/index.php\/wp-json\/wp\/v2\/tags?post=203580"}],"curies":[{"name":"wp","href":"https:\/\/api.w.org\/{rel}","templated":true}]}}