{"id":203822,"date":"2025-04-23T11:16:09","date_gmt":"2025-04-23T14:16:09","guid":{"rendered":"https:\/\/corrientesdetarde.com\/?p=203822"},"modified":"2025-04-23T11:16:13","modified_gmt":"2025-04-23T14:16:13","slug":"valdes-era-necesario-intervenir-una-plaza-donde-contemos-como-nos-hicimos-libres","status":"publish","type":"post","link":"https:\/\/corrientesdetarde.com\/index.php\/locales\/valdes-era-necesario-intervenir-una-plaza-donde-contemos-como-nos-hicimos-libres\/","title":{"rendered":"Vald\u00e9s: &#8220;Era necesario intervenir una plaza donde contemos c\u00f3mo nos hicimos libres&#8221;"},"content":{"rendered":"\n<p>Con un emotivo e hist\u00f3rico&nbsp;acto encabezado por el gobernador Gustavo Vald\u00e9s, este mi\u00e9rcoles por la ma\u00f1ana se inaugur\u00f3 la nueva Plaza Libertad en la ciudad de Corrientes. El espacio,&nbsp; incorpora un monumento central, nuevos senderos, mobiliario urbano, iluminaci\u00f3n LED y se\u00f1al\u00e9tica QR con informaci\u00f3n sobre la historia de Corrientes.<\/p>\n\n\n\n<p>Las obras, que comenzaron en noviembre de 2023, demandaron una inversi\u00f3n de $800 millones por parte del Gobierno provincial y forman parte de un ambicioso plan de puesta en valor de los espacios p\u00fablicos m\u00e1s emblem\u00e1ticos de la capital.<\/p>\n\n\n\n<p>Durante su discurso, el gobernador remarc\u00f3 la importancia simb\u00f3lica de esta plaza:<\/p>\n\n\n\n<p><strong>\u201cEra necesario intervenir una plaza donde verdaderamente contemos c\u00f3mo nos hicimos libres y nos constituimos como provincia. Hoy podemos ver el Monumento a la Libertad, que representa esa historia construida con esfuerzo, junto a nuestros r\u00edos Paran\u00e1 y Uruguay\u201d.<\/strong><\/p>\n\n\n\n<p>Vald\u00e9s tambi\u00e9n rindi\u00f3 homenaje a los h\u00e9roes y pr\u00f3ceres de la provincia, haciendo hincapi\u00e9 en la necesidad de mantener viva la memoria hist\u00f3rica:&nbsp;<strong>\u201cLa historia contada por quienes la vivieron en Corrientes no es la misma que la que cuentan otros. Por eso, en los laterales de la plaza, podr\u00e1n recorrer la vida y legado de figuras como Jos\u00e9 Mar\u00eda de Cossio, Carlos Mar\u00eda de Alvear, Fray Jos\u00e9 de la Quintana, as\u00ed como elementos ic\u00f3nicos como la bandera, el tambor del Tacuary y referencias a nuestros ganaderos\u201d.<\/strong><\/p>\n\n\n\n<p><strong>&#8220;No es la misma la historia contada por un rosista que por un correntino que padeci\u00f3 la sangre de la libertad&#8221;, destac\u00f3 el mandatario.<\/strong><\/p>\n\n\n\n<p>Haciendo una referencia hist\u00f3rica, cont\u00f3 que: &#8220;Cuando en 1821, salimos de la rep\u00fablica de Entre R\u00edos que era una provincia argentina comandada por Ram\u00edrez, Pedro Ferr\u00e9 se da cuenta que era el momento de construir el camino. La Argentina se debat\u00eda por si ten\u00edamos qu tener una monarqu\u00eda, un rey americano o cu\u00e1l era el modelo que ten\u00edamos que tener.&nbsp;<strong>Y Corrientes, como \u00fanica de las pocas provincias de la rep\u00fablica argentina, sali\u00f3 a decir que lo que ten\u00edamos que tener nosotros era una constituci\u00f3n. Es decir que nadie ten\u00eda que mandar, ten\u00edamos que ser soberanos, y el&nbsp; \u00fanico soberano era: el pueblo de nuestra&nbsp; provincia de Corrientes. Y as\u00ed con sangre, sudor y l\u00e1grimas escribimos en nuestra bandera: patria, libertad&nbsp; y constituci\u00f3n&#8221;.<\/strong><\/p>\n\n\n\n<p>Entre las figuras destacadas del nuevo recorrido hist\u00f3rico tambi\u00e9n se encuentran el soldado Juan Bautista Cabral,&nbsp;el General San Mart\u00edn, Pedro Ferr\u00e9, Joaqu\u00edn de Madariaga, el gobernador Jos\u00e9 Mar\u00eda Paz, Juan Pujol, pilares fundamentales en la identidad de los correntinos. &#8220;Tampoco me quiero olvidar de los soldados de Malvinas. En fin este es un lugar donde nosotros honramos el pasado, y tiene que ser el lugar de encuentro de los correntinos&#8221;, agreg\u00f3<\/p>\n\n\n\n<figure class=\"wp-block-image\"><img decoding=\"async\" src=\"https:\/\/pxcdn.ellitoral.com.ar\/litoral\/042025\/1745417128752\/WhatsApp%20Image%202025-04-23%20at%2010.48.23%20AM.jpeg?cw=807\" alt=\"Vald\u00e9s: &quot;Era necesario intervenir una plaza donde contemos c\u00f3mo nos hicimos libres&quot;\" title=\"Vald\u00e9s: &quot;Era necesario intervenir una plaza donde contemos c\u00f3mo nos hicimos libres&quot;-\"\/><\/figure>\n\n\n\n<p>El gobernador tambi\u00e9n destac\u00f3 el trabajo conjunto con el municipio: \u201cCon la intendencia hicimos muchas cosas, pero esta intervenci\u00f3n es la m\u00e1s importante. Comenzamos con la Plaza 25 de Mayo, seguimos con Plaza La Cruz y hoy le devolvemos el esplendor a la Plaza Libertad\u201d.<\/p>\n\n\n\n<p>Por su parte, el intendente Eduardo Tassano celebr\u00f3 la transformaci\u00f3n urbana:&nbsp;<strong>\u201cEn m\u00e1s de siete a\u00f1os de gesti\u00f3n junto al gobernador, logramos una ciudad diferente, moderna, pero que mantiene su historia y tradici\u00f3n. Esta es, sin dudas, nuestra obra urban\u00edstica m\u00e1s destacada. Representa la libertad, nuestra cultura y todo lo que somos como correntinos\u201d.<\/strong><\/p>\n\n\n\n<p>Tassano tambi\u00e9n valor\u00f3 la incorporaci\u00f3n de materiales de alto nivel, como el m\u00e1rmol travertino similar al del Vaticano, y la colaboraci\u00f3n con profesionales vinculados al Museo de Arte Contempor\u00e1neo.<\/p>\n\n\n\n<p>La remodelaci\u00f3n de la Plaza Libertad no solo moderniza este tradicional espacio del centro capitalino, sino que lo convierte en un punto de encuentro ciudadano. En ese sentido, Alfonso Albino, director de arquitectura de la empresa constructora, expres\u00f3:\u00a0<strong>\u201cLuego de haber ganado la licitaci\u00f3n, estamos muy orgullosos de haber desarrollado un proyecto de esta envergadura. Es una obra de alta alcurnia, digna del coraz\u00f3n de la ciudad\u201d.<\/strong><\/p>\n\n\n\n<p>Entre las principales incorporaciones de esta primera etapa se destacan:<\/p>\n\n\n\n<p>Nuevos senderos y \u00e1reas de circulaci\u00f3n peatonal.<\/p>\n\n\n\n<p>Sistema de iluminaci\u00f3n LED de \u00faltima generaci\u00f3n.<\/p>\n\n\n\n<p>Juegos infantiles y estaciones biosaludables.<\/p>\n\n\n\n<p>Sistema de riego automatizado para conservar los espacios verdes.<\/p>\n\n\n\n<p>Monumento central que honra la historia y la identidad correntina.<\/p>\n\n\n\n<p>Las obras tambi\u00e9n incluyeron mejoras en las calles San Mart\u00edn, Per\u00fa y Roca, donde se colocaron solados que imitan el piso original de la antigua Estaci\u00f3n Central del Ferrocarril \u201cEl Econ\u00f3mico\u201d. En los primeros meses de 2024, se sumaron bolardos y adoquines sobre calle San Mart\u00edn, en una estrategia de calmado de tr\u00e1nsito similar a la implementada en la Plaza 25 de Mayo.<\/p>\n\n\n\n<p>El acto tambi\u00e9n cont\u00f3 con la bendici\u00f3n a cargo del padre Mart\u00edn Malevi, quien dio un saludo de Pascuas a los presentes y agradeci\u00f3 a Dios por el nuevo espacio que se convierte en un verdadero regalo para la ciudad.<\/p>\n","protected":false},"excerpt":{"rendered":"<p>Con un emotivo e hist\u00f3rico&nbsp;acto encabezado por el gobernador Gustavo Vald\u00e9s, este mi\u00e9rcoles por la ma\u00f1ana se inaugur\u00f3 la nueva Plaza Libertad en la ciudad de Corrientes. El espacio,&nbsp; incorpora&hellip; <\/p>\n","protected":false},"author":1,"featured_media":203829,"comment_status":"closed","ping_status":"open","sticky":false,"template":"","format":"standard","meta":{"footnotes":""},"categories":[8],"tags":[],"class_list":["post-203822","post","type-post","status-publish","format-standard","has-post-thumbnail","hentry","category-locales"],"_links":{"self":[{"href":"https:\/\/corrientesdetarde.com\/index.php\/wp-json\/wp\/v2\/posts\/203822","targetHints":{"allow":["GET"]}}],"collection":[{"href":"https:\/\/corrientesdetarde.com\/index.php\/wp-json\/wp\/v2\/posts"}],"about":[{"href":"https:\/\/corrientesdetarde.com\/index.php\/wp-json\/wp\/v2\/types\/post"}],"author":[{"embeddable":true,"href":"https:\/\/corrientesdetarde.com\/index.php\/wp-json\/wp\/v2\/users\/1"}],"replies":[{"embeddable":true,"href":"https:\/\/corrientesdetarde.com\/index.php\/wp-json\/wp\/v2\/comments?post=203822"}],"version-history":[{"count":1,"href":"https:\/\/corrientesdetarde.com\/index.php\/wp-json\/wp\/v2\/posts\/203822\/revisions"}],"predecessor-version":[{"id":203830,"href":"https:\/\/corrientesdetarde.com\/index.php\/wp-json\/wp\/v2\/posts\/203822\/revisions\/203830"}],"wp:featuredmedia":[{"embeddable":true,"href":"https:\/\/corrientesdetarde.com\/index.php\/wp-json\/wp\/v2\/media\/203829"}],"wp:attachment":[{"href":"https:\/\/corrientesdetarde.com\/index.php\/wp-json\/wp\/v2\/media?parent=203822"}],"wp:term":[{"taxonomy":"category","embeddable":true,"href":"https:\/\/corrientesdetarde.com\/index.php\/wp-json\/wp\/v2\/categories?post=203822"},{"taxonomy":"post_tag","embeddable":true,"href":"https:\/\/corrientesdetarde.com\/index.php\/wp-json\/wp\/v2\/tags?post=203822"}],"curies":[{"name":"wp","href":"https:\/\/api.w.org\/{rel}","templated":true}]}}