{"id":203899,"date":"2025-04-23T15:02:45","date_gmt":"2025-04-23T18:02:45","guid":{"rendered":"https:\/\/corrientesdetarde.com\/?p=203899"},"modified":"2025-04-23T15:02:48","modified_gmt":"2025-04-23T18:02:48","slug":"confirman-la-decision-final-de-alpine-con-franco-colapinto-para-el-gran-premio-de-miami","status":"publish","type":"post","link":"https:\/\/corrientesdetarde.com\/index.php\/deportes\/confirman-la-decision-final-de-alpine-con-franco-colapinto-para-el-gran-premio-de-miami\/","title":{"rendered":"Confirman la decisi\u00f3n final de Alpine con Franco Colapinto para el Gran Premio de Miami"},"content":{"rendered":"\n<p>En medio de los rumores, la escuer\u00eda francesa ya tiene avanzada la log\u00edstica para la pr\u00f3xima fecha del calendario en Estados Unidos.<\/p>\n\n\n\n<p>El Gran Premio de Arabia Saudita fue una se\u00f1al de alerta para&nbsp;<strong>Alpine<\/strong>:&nbsp;<strong>Pierre Gasly&nbsp;<\/strong>choc\u00f3 en la carrera principal y&nbsp;<strong>Jack Doohan&nbsp;<\/strong>no rindi\u00f3 en la clasificaci\u00f3n, lo que le cost\u00f3 el puesto 17 el \u00faltimo domingo. Es as\u00ed que los rumores sobre el posible ascenso de&nbsp;<strong>Franco Colapinto<\/strong>&nbsp;sacudieron al equipo, pero la propia escuder\u00eda no hizo caso al ruido.<\/p>\n\n\n\n<p>De esta manera, seg\u00fan pudo confirmar el diario&nbsp;<em>Ol\u00e9<\/em>,&nbsp;<strong>el argentino se mantendr\u00e1 como piloto de reserva en Alpine&nbsp;<\/strong>para el GP de Miami que se celebra dentro de dos semanas y&nbsp;<strong>el cuestionado Doohan tendr\u00e1 una nueva oportunidad&nbsp;<\/strong>para demostrar por qu\u00e9 fue elegido para ser titular.<\/p>\n\n\n\n<p>La carrera en Florida de todas formas marcar\u00e1 el regreso de Franco al paddock tras ausentarse en los eventos de Bahr\u00e9in y Arabia Saudita, ya que su rol como reserva fue ocupado por el estonio&nbsp;<strong>Paul Aron<\/strong>. No se descarta que el pilarense rompa el silencio entre tantos rumores.<\/p>\n\n\n\n<h2 class=\"wp-block-heading\">Cu\u00e1ndo es el GP de Miami de la F\u00f3rmula 1: fechas y horarios<\/h2>\n\n\n\n<p><strong>Viernes 2 de mayo<\/strong><\/p>\n\n\n\n<ul class=\"wp-block-list\">\n<li>Pr\u00e1ctica Libre 1: 13:30 \u2013 14:30<\/li>\n\n\n\n<li>Clasificaci\u00f3n Sprint: 17:30 \u2013 18:15<\/li>\n<\/ul>\n\n\n\n<p><strong>S\u00e1bado 3 de mayo<\/strong><\/p>\n\n\n\n<ul class=\"wp-block-list\">\n<li>Carrera Sprint: 13:00 \u2013 14:00<\/li>\n\n\n\n<li>Clasificaci\u00f3n: 17:00 \u2013 18:00<\/li>\n<\/ul>\n\n\n\n<p><strong>Domingo 4 de mayo<\/strong><\/p>\n\n\n\n<ul class=\"wp-block-list\">\n<li>Carrera: 17:00<\/li>\n<\/ul>\n\n\n\n<p><em>*Horarios de Argentina.<\/em><\/p>\n\n\n\n<h2 class=\"wp-block-heading\">D\u00f3nde ver el Gran Premio de Miami de la F\u00f3rmula 1<\/h2>\n\n\n\n<p>Al igual que en el<strong>&nbsp;Gran Premio de Arabia Saudita<\/strong>, la carrera se podr\u00e1 ver por el canal de cable de&nbsp;<strong>Fox Sports<\/strong>, o con la suscripci\u00f3n a&nbsp;<strong>Disney+ Premium<\/strong>, plataforma que transmite&nbsp;<strong>todos los eventos de la temporada<\/strong>.<\/p>\n","protected":false},"excerpt":{"rendered":"<p>En medio de los rumores, la escuer\u00eda francesa ya tiene avanzada la log\u00edstica para la pr\u00f3xima fecha del calendario en Estados Unidos. El Gran Premio de Arabia Saudita fue una&hellip; <\/p>\n","protected":false},"author":8,"featured_media":203900,"comment_status":"closed","ping_status":"open","sticky":false,"template":"","format":"standard","meta":{"footnotes":""},"categories":[4],"tags":[],"class_list":["post-203899","post","type-post","status-publish","format-standard","has-post-thumbnail","hentry","category-deportes"],"_links":{"self":[{"href":"https:\/\/corrientesdetarde.com\/index.php\/wp-json\/wp\/v2\/posts\/203899","targetHints":{"allow":["GET"]}}],"collection":[{"href":"https:\/\/corrientesdetarde.com\/index.php\/wp-json\/wp\/v2\/posts"}],"about":[{"href":"https:\/\/corrientesdetarde.com\/index.php\/wp-json\/wp\/v2\/types\/post"}],"author":[{"embeddable":true,"href":"https:\/\/corrientesdetarde.com\/index.php\/wp-json\/wp\/v2\/users\/8"}],"replies":[{"embeddable":true,"href":"https:\/\/corrientesdetarde.com\/index.php\/wp-json\/wp\/v2\/comments?post=203899"}],"version-history":[{"count":1,"href":"https:\/\/corrientesdetarde.com\/index.php\/wp-json\/wp\/v2\/posts\/203899\/revisions"}],"predecessor-version":[{"id":203901,"href":"https:\/\/corrientesdetarde.com\/index.php\/wp-json\/wp\/v2\/posts\/203899\/revisions\/203901"}],"wp:featuredmedia":[{"embeddable":true,"href":"https:\/\/corrientesdetarde.com\/index.php\/wp-json\/wp\/v2\/media\/203900"}],"wp:attachment":[{"href":"https:\/\/corrientesdetarde.com\/index.php\/wp-json\/wp\/v2\/media?parent=203899"}],"wp:term":[{"taxonomy":"category","embeddable":true,"href":"https:\/\/corrientesdetarde.com\/index.php\/wp-json\/wp\/v2\/categories?post=203899"},{"taxonomy":"post_tag","embeddable":true,"href":"https:\/\/corrientesdetarde.com\/index.php\/wp-json\/wp\/v2\/tags?post=203899"}],"curies":[{"name":"wp","href":"https:\/\/api.w.org\/{rel}","templated":true}]}}