{"id":203905,"date":"2025-04-23T15:43:31","date_gmt":"2025-04-23T18:43:31","guid":{"rendered":"https:\/\/corrientesdetarde.com\/?p=203905"},"modified":"2025-04-23T15:43:35","modified_gmt":"2025-04-23T18:43:35","slug":"el-banco-mundial-estimo-que-la-argentina-sera-el-pais-de-mayor-crecimiento-en-america-latina-en-2025","status":"publish","type":"post","link":"https:\/\/corrientesdetarde.com\/index.php\/economia\/el-banco-mundial-estimo-que-la-argentina-sera-el-pais-de-mayor-crecimiento-en-america-latina-en-2025\/","title":{"rendered":"El Banco Mundial estim\u00f3 que la Argentina ser\u00e1 el pa\u00eds de mayor crecimiento en Am\u00e9rica Latina en 2025"},"content":{"rendered":"\n<p>La regi\u00f3n crecer\u00eda apenas 2,1% en 2025, el nivel m\u00e1s bajo del mundo. Sin embargo, el organismo elev\u00f3 a 5,5% la proyecci\u00f3n para la econom\u00eda del gobierno local.<\/p>\n\n\n\n<p>El<strong>\u00a0Banco Mundial\u00a0<\/strong>(BM) pronostic\u00f3 que\u00a0<strong>la Argentina ser\u00e1 el pa\u00eds latinoamericano que m\u00e1s crecer\u00e1 durante 2025<\/strong>, con un incremento del\u00a0<strong>5,5%\u00a0<\/strong>en su Producto Bruto Interno (PBI). No obstante, en un contexto de creciente incertidumbre global,\u00a0<strong>Am\u00e9rica Latina y el Caribe se consolidan como la regi\u00f3n de menor crecimiento econ\u00f3mico\u00a0<\/strong>del planeta.<\/p>\n\n\n\n<p>As\u00ed lo se\u00f1ala el nuevo informe del Banco Mundial, que prev\u00e9 una<strong>&nbsp;expansi\u00f3n regional de apenas 2,1% en 2025 y de 2,4% en 2026<\/strong>. Entre los factores que frenan el desarrollo se destacan la baja inversi\u00f3n, un endeudamiento elevado y un entorno internacional cada vez m\u00e1s complejo, con tensiones comerciales y restricciones al financiamiento.<\/p>\n\n\n\n<p>Pese al tono sombr\u00edo del reporte,&nbsp;<strong>la Argentina aparece como una excepci\u00f3n<\/strong>. Tras dos a\u00f1os consecutivos de contracci\u00f3n (-1,6% en 2023 y -1,8% en 2024), el Banco Mundial estima un crecimiento del 5,5% para 2025, impulsado por la normalizaci\u00f3n macroecon\u00f3mica. La cifra representa una mejora notable frente a la previsi\u00f3n anterior, que era de 4,2%, seg\u00fan el informe publicado en octubre del a\u00f1o pasado.<\/p>\n\n\n\n<p>Esta cifra se encuentra en sinton\u00eda con la estimada d\u00edas atr\u00e1s por el<strong>&nbsp;Fondo Monetario Internacional<\/strong>&nbsp;(FMI), que tambi\u00e9n prev\u00e9 el mismo aumento en el PBI del pa\u00eds para este a\u00f1o.<\/p>\n\n\n\n<p>El crecimiento previsto para la Argentina se apoyar\u00e1 principalmente en el&nbsp;<strong>sector externo<\/strong>, dado que el consumo interno contin\u00faa rezagado por la p\u00e9rdida del poder adquisitivo y la cautela del mercado laboral.<\/p>\n\n\n\n<figure class=\"wp-block-image\"><img decoding=\"async\" src=\"https:\/\/tn.com.ar\/resizer\/v2\/javier-milei-se-reunio-con-las-autoridades-del-banco-mundial-foto-presidencia-K7YJKUTSHNEMXBAXJCQTRD6R5E.jpg?auth=3baa68edbb151f2f7ab16edcf8b5a75dc2e6c716e875707404c72fcd5c19d48f&amp;width=767\" alt=\"Javier Milei se reuni\u00f3 con las autoridades del Banco Mundial. (Foto: Presidencia)\"\/><\/figure>\n\n\n\n<p>Por su parte, el panorama regional es desafiante:&nbsp;<strong>el ratio de deuda sobre PBI se ubica en 63,3%<\/strong>&nbsp;(frente al 59,4% de 2019), y los d\u00e9ficits fiscales contin\u00faan elevados, presionados por altos pagos de intereses.<\/p>\n\n\n\n<p>Adem\u00e1s, la<strong>&nbsp;persistente inflaci\u00f3n en los pa\u00edses desarrollados<\/strong>&nbsp;complica el margen de maniobra monetario en la regi\u00f3n, mientras que las crecientes barreras comerciales amenazan el proyecto de relocalizaci\u00f3n de industrias y restringen el acceso a los mercados globales.<\/p>\n\n\n\n<p>\u201cLa regi\u00f3n enfrenta vientos en contra significativos y necesita&nbsp;<strong>impulsar reformas audaces&nbsp;<\/strong>para aumentar la productividad, mejorar la infraestructura y crear empleos de calidad\u201d, advirti\u00f3 Carlos Felipe Jaramillo, vicepresidente del organismo para Am\u00e9rica Latina y el Caribe.<\/p>\n\n\n\n<p>\u201cSi bien se ajustaron al alza las proyecciones para Colombia (de 2,1% a 2,4%) y Per\u00fa (de 2,6% a 2,9%), hubo&nbsp;<strong>recortes&nbsp;<\/strong>en las estimaciones para&nbsp;<strong>M\u00e9xico&nbsp;<\/strong>(que pasar\u00eda de crecer 1,5% a quedar estancado en 0%) y para&nbsp;<strong>Chile<\/strong>&nbsp;(de 2,5% a 2,1%)\u201d, se\u00f1al\u00f3 el directivo.<\/p>\n\n\n\n<p>En ese marco, el informe destaca la<strong>&nbsp;necesidad de diversificar los destinos de exportaci\u00f3n, ampliar la oferta de servicios y avanzar en reformas estructurales postergadas<\/strong>: educaci\u00f3n, infraestructura, innovaci\u00f3n y reglas de competencia. \u201cEl comercio y la inversi\u00f3n extranjera directa siguen siendo claves, pero requieren un entorno m\u00e1s \u00e1gil y competitivo\u201d, afirm\u00f3 William Maloney, economista jefe del organismo.<\/p>\n\n\n\n<p>Por otra parte, el Banco Mundial advierte que si bien la pobreza monetaria baj\u00f3 levemente (de 25% en 2023 a 24,4% en 2024),&nbsp;<strong>la desigualdad se mantiene alta<\/strong>, con un coeficiente de Gini del 49,9%. El organismo sugiere que los nuevos desaf\u00edos \u2014como la adopci\u00f3n de inteligencia artificial y la transici\u00f3n energ\u00e9tica\u2014 implican riesgos, pero tambi\u00e9n oportunidades si los pa\u00edses logran adaptar su fuerza laboral y su estructura productiva.<\/p>\n","protected":false},"excerpt":{"rendered":"<p>La regi\u00f3n crecer\u00eda apenas 2,1% en 2025, el nivel m\u00e1s bajo del mundo. Sin embargo, el organismo elev\u00f3 a 5,5% la proyecci\u00f3n para la econom\u00eda del gobierno local. El\u00a0Banco Mundial\u00a0(BM)&hellip; <\/p>\n","protected":false},"author":8,"featured_media":203906,"comment_status":"closed","ping_status":"open","sticky":false,"template":"","format":"standard","meta":{"footnotes":""},"categories":[20],"tags":[],"class_list":["post-203905","post","type-post","status-publish","format-standard","has-post-thumbnail","hentry","category-economia"],"_links":{"self":[{"href":"https:\/\/corrientesdetarde.com\/index.php\/wp-json\/wp\/v2\/posts\/203905","targetHints":{"allow":["GET"]}}],"collection":[{"href":"https:\/\/corrientesdetarde.com\/index.php\/wp-json\/wp\/v2\/posts"}],"about":[{"href":"https:\/\/corrientesdetarde.com\/index.php\/wp-json\/wp\/v2\/types\/post"}],"author":[{"embeddable":true,"href":"https:\/\/corrientesdetarde.com\/index.php\/wp-json\/wp\/v2\/users\/8"}],"replies":[{"embeddable":true,"href":"https:\/\/corrientesdetarde.com\/index.php\/wp-json\/wp\/v2\/comments?post=203905"}],"version-history":[{"count":1,"href":"https:\/\/corrientesdetarde.com\/index.php\/wp-json\/wp\/v2\/posts\/203905\/revisions"}],"predecessor-version":[{"id":203907,"href":"https:\/\/corrientesdetarde.com\/index.php\/wp-json\/wp\/v2\/posts\/203905\/revisions\/203907"}],"wp:featuredmedia":[{"embeddable":true,"href":"https:\/\/corrientesdetarde.com\/index.php\/wp-json\/wp\/v2\/media\/203906"}],"wp:attachment":[{"href":"https:\/\/corrientesdetarde.com\/index.php\/wp-json\/wp\/v2\/media?parent=203905"}],"wp:term":[{"taxonomy":"category","embeddable":true,"href":"https:\/\/corrientesdetarde.com\/index.php\/wp-json\/wp\/v2\/categories?post=203905"},{"taxonomy":"post_tag","embeddable":true,"href":"https:\/\/corrientesdetarde.com\/index.php\/wp-json\/wp\/v2\/tags?post=203905"}],"curies":[{"name":"wp","href":"https:\/\/api.w.org\/{rel}","templated":true}]}}