{"id":203908,"date":"2025-04-23T15:46:35","date_gmt":"2025-04-23T18:46:35","guid":{"rendered":"https:\/\/corrientesdetarde.com\/?p=203908"},"modified":"2025-04-23T15:46:40","modified_gmt":"2025-04-23T18:46:40","slug":"el-consejo-de-hrabina-para-cavani-pensando-en-river-hacerle-un-gol","status":"publish","type":"post","link":"https:\/\/corrientesdetarde.com\/index.php\/deportes\/el-consejo-de-hrabina-para-cavani-pensando-en-river-hacerle-un-gol\/","title":{"rendered":"El consejo de Hrabina para Cavani pensando en River: \u201cHacerle un gol&#8230;\u201d"},"content":{"rendered":"\n<p>El exjugador del \u201cXeneize\u201d alent\u00f3 al delantero uruguayo en la previa del Supercl\u00e1sico.<\/p>\n\n\n\n<p>El\u00a0<strong>domingo 27 de abril\u00a0<\/strong>a las 15.30 se disputar\u00e1 una nueva edici\u00f3n del\u00a0<strong>Supercl\u00e1sico\u00a0<\/strong>entre River y Boca. De cara al partido,\u00a0<strong>Enrique Hrabina<\/strong>, hist\u00f3rico jugador del\u00a0<em>Xeneize<\/em>, habl\u00f3 sobre el presente de\u00a0<strong>Edinson Cavani<\/strong>\u00a0y lo apoy\u00f3.<\/p>\n\n\n\n<h2 class=\"wp-block-heading\">Qu\u00e9 dijo Hrabina sobre el presente de Cavani<\/h2>\n\n\n\n<p><strong>\u201cHacerle un gol<\/strong>&nbsp;a tu rival hist\u00f3rico es una de las cosas m\u00e1s importantes. Te deja marcado con la gente. Si le hiciste un gol a&nbsp;<strong>River<\/strong>, la gente no se&nbsp;<strong>olvida&nbsp;<\/strong>nunca m\u00e1s. A m\u00ed todav\u00eda me siguen recordando algunos de esos partidos \u00e9picos que nos toc\u00f3 ganar a lo Boca.&nbsp;<strong>Hay que dejar todo adentro de la cancha<\/strong>, hasta el \u00faltimo segundo, para tratar de llevarse esa gloria que es ganar un Supercl\u00e1sico\u201d, asegur\u00f3 el exfutbolista en una entrevista con&nbsp;<em>Planeta Boca Juniors<\/em>.<\/p>\n\n\n\n<p>Adem\u00e1s, Hrabina habl\u00f3 sobre el&nbsp;<strong>mal momento goleador<\/strong>&nbsp;que atraviesa Edinson Cavani: \u201cNo para este partido porque Cavani es el emblema de Boca, por trayectoria y por nombre, pero quiz\u00e1&nbsp;<strong>el t\u00e9cnico podr\u00eda hablar con \u00e9l<\/strong>&nbsp;y decirle que va a probar con otro muchacho.&nbsp;<strong>Nos ha pasado a todos<\/strong>: nadie quiere salir del equipo titular, pero a veces esas decisiones&nbsp;<strong>ayudan&nbsp;<\/strong>a que el jugador vuelva a agarrar&nbsp;<strong>confianza&nbsp;<\/strong>y empiece de nuevo\u201d, afirm\u00f3.<\/p>\n\n\n\n<p><\/p>\n\n\n\n<figure class=\"wp-block-image\"><img decoding=\"async\" src=\"https:\/\/tn.com.ar\/resizer\/v2\/quique-hrabina-banco-a-cavani-antes-del-superclasico-foto-instagram-enriquehrabina-VAZ2DA5T4VEIVFYJEUCKZIVKFQ.jpg?auth=96ec0530bf39a1b25b82bf78a6660927433e4fdd51c27ae89c49862a9af12505&amp;width=767\" alt=\"Quique Hrabina banc\u00f3 a Cavani antes del Supercl\u00e1sico. (Foto: Instagram @enriquehrabina)\"\/><\/figure>\n\n\n\n<h2 class=\"wp-block-heading\">La gran sequ\u00eda goleadora de Edinson Cavani<\/h2>\n\n\n\n<p><strong>Cavani&nbsp;<\/strong>est\u00e1 atravesando una preocupante sequ\u00eda goleadora. Su&nbsp;<strong>\u00faltimo<\/strong>&nbsp;gol fue el 1<strong>6 de marzo<\/strong>&nbsp;en la goleada 4 a 0 ante&nbsp;<strong>Defensa y Justicia<\/strong>, y en los diez partidos que disput\u00f3 del Torneo Apertura anot\u00f3 \u00fanicamente<strong>&nbsp;dos tantos<\/strong>.<\/p>\n\n\n\n<h2 class=\"wp-block-heading\">La preocupaci\u00f3n de Hrabina por los \u00e1rbitros<\/h2>\n\n\n\n<p>\u201cHoy, los&nbsp;<strong>fallos arbitrales&nbsp;<\/strong>me preocupan m\u00e1s que en nuestra \u00e9poca. Hoy, el \u00e1rbitro no es \u00e1rbitro porque depende de una c\u00e1mara y de lo que le digan.<strong>&nbsp;No se puede ni gritar un gol<\/strong>. Lamentablemente, el VAR no trajo certezas y preocupa porque est\u00e1n mal utilizadas. Ojal\u00e1 sea todo&nbsp;<strong>l\u00edcito&nbsp;<\/strong>y&nbsp;<strong>transparente<\/strong>, cosa que \u00faltimamente no est\u00e1 pasando\u201d, sentenci\u00f3 Hrabina.<\/p>\n\n\n\n<h2 class=\"wp-block-heading\">C\u00f3mo est\u00e1 Boca en el Torneo Apertura<\/h2>\n\n\n\n<p>Los dirigidos por Fernando Gago se ubican en la primera posici\u00f3n de la zona A del Torneo Apertura con 32 puntos, 3 m\u00e1s que Argentinos Juniors, el escolta.<\/p>\n","protected":false},"excerpt":{"rendered":"<p>El exjugador del \u201cXeneize\u201d alent\u00f3 al delantero uruguayo en la previa del Supercl\u00e1sico. El\u00a0domingo 27 de abril\u00a0a las 15.30 se disputar\u00e1 una nueva edici\u00f3n del\u00a0Supercl\u00e1sico\u00a0entre River y Boca. De cara&hellip; <\/p>\n","protected":false},"author":8,"featured_media":203909,"comment_status":"closed","ping_status":"open","sticky":false,"template":"","format":"standard","meta":{"footnotes":""},"categories":[4],"tags":[],"class_list":["post-203908","post","type-post","status-publish","format-standard","has-post-thumbnail","hentry","category-deportes"],"_links":{"self":[{"href":"https:\/\/corrientesdetarde.com\/index.php\/wp-json\/wp\/v2\/posts\/203908","targetHints":{"allow":["GET"]}}],"collection":[{"href":"https:\/\/corrientesdetarde.com\/index.php\/wp-json\/wp\/v2\/posts"}],"about":[{"href":"https:\/\/corrientesdetarde.com\/index.php\/wp-json\/wp\/v2\/types\/post"}],"author":[{"embeddable":true,"href":"https:\/\/corrientesdetarde.com\/index.php\/wp-json\/wp\/v2\/users\/8"}],"replies":[{"embeddable":true,"href":"https:\/\/corrientesdetarde.com\/index.php\/wp-json\/wp\/v2\/comments?post=203908"}],"version-history":[{"count":1,"href":"https:\/\/corrientesdetarde.com\/index.php\/wp-json\/wp\/v2\/posts\/203908\/revisions"}],"predecessor-version":[{"id":203910,"href":"https:\/\/corrientesdetarde.com\/index.php\/wp-json\/wp\/v2\/posts\/203908\/revisions\/203910"}],"wp:featuredmedia":[{"embeddable":true,"href":"https:\/\/corrientesdetarde.com\/index.php\/wp-json\/wp\/v2\/media\/203909"}],"wp:attachment":[{"href":"https:\/\/corrientesdetarde.com\/index.php\/wp-json\/wp\/v2\/media?parent=203908"}],"wp:term":[{"taxonomy":"category","embeddable":true,"href":"https:\/\/corrientesdetarde.com\/index.php\/wp-json\/wp\/v2\/categories?post=203908"},{"taxonomy":"post_tag","embeddable":true,"href":"https:\/\/corrientesdetarde.com\/index.php\/wp-json\/wp\/v2\/tags?post=203908"}],"curies":[{"name":"wp","href":"https:\/\/api.w.org\/{rel}","templated":true}]}}