{"id":203911,"date":"2025-04-23T15:48:41","date_gmt":"2025-04-23T18:48:41","guid":{"rendered":"https:\/\/corrientesdetarde.com\/?p=203911"},"modified":"2025-04-23T15:48:45","modified_gmt":"2025-04-23T18:48:45","slug":"del-cierre-del-feretro-al-entierro-de-francisco-cuales-son-los-proximos-ritos-clave-y-quien-los-presidira","status":"publish","type":"post","link":"https:\/\/corrientesdetarde.com\/index.php\/internacionales\/del-cierre-del-feretro-al-entierro-de-francisco-cuales-son-los-proximos-ritos-clave-y-quien-los-presidira\/","title":{"rendered":"Del cierre del f\u00e9retro al entierro de Francisco: cu\u00e1les son los pr\u00f3ximos ritos clave y qui\u00e9n los presidir\u00e1"},"content":{"rendered":"\n<p>El Vaticano anunci\u00f3 qu\u00e9 religiosos estar\u00e1n presentes en ambas ceremonias. Qu\u00e9 dice el testamento de Francisco.<\/p>\n\n\n\n<p>El cardenal camarlengo,\u00a0<strong>Kevin Joseph Farrell<\/strong>, presidir\u00e1 el pr\u00f3ximo viernes a las 15:00 horas de la Argentina el rito del cierre del f\u00e9retro del\u00a0papa Francisco\u00a0en la bas\u00edlica de San Pedro. Tambi\u00e9n encabezar\u00e1 su entierro el s\u00e1bado en la bas\u00edlica de Santa Mar\u00eda la Mayor, en Roma, donde el pont\u00edfice ser\u00e1 sepultado por su expreso deseo tras el funeral.<\/p>\n\n\n\n<p>Tanto en la ceremonia del cierre del f\u00e9retro, como en el sepelio estar\u00e1n presentes tambi\u00e9n el decano del colegio cardenalicio,&nbsp;<strong>Giovanni Battista Re<\/strong>, as\u00ed como otros seis cardenales, entre ellos el preb\u00edtero&nbsp;<strong>Roger Michael Mahony<\/strong>, el protodi\u00e1cono<strong>&nbsp;Dominique Mamberti<\/strong>&nbsp;y el arcipreste de la Bas\u00edlica&nbsp;<strong>Mauro Gambetti<\/strong>.<\/p>\n\n\n\n<p>Adem\u00e1s, estar\u00e1n el secretario de Estado,<strong>&nbsp;Pietro Parolin<\/strong>, el vicario general de Roma,&nbsp;<strong>Baldassare Reina<\/strong>, y el limosero del papa<strong>&nbsp;Konrad Krajewski<\/strong>, junto a varios arzobispos y los secretarios de Francisco, entre otros, inform\u00f3 al Vaticano. Se trata de una decisi\u00f3n ordenada por el colegio cardenalicio.<\/p>\n\n\n\n<p>\u201cEl s\u00e1bado 26 de abril de 2025, al t\u00e9rmino del funeral, el f\u00e9retro del Romano Pont\u00edfice Francisco ser\u00e1 acompa\u00f1ado a la Bas\u00edlica Papal de Santa Mar\u00eda la Mayor para su inhumaci\u00f3n. Su Eminencia Reverend\u00edsima el Cardenal Kevin Joseph Farrell, Camarlengo de la Santa Iglesia Romana, presidir\u00e1 el rito\u201d, indic\u00f3 un comunicado.<\/p>\n\n\n\n<h2 class=\"wp-block-heading\">C\u00f3mo ser\u00e1 el funeral del papa Francisco<\/h2>\n\n\n\n<p>El cardenal Re oficiar\u00e1 el funeral el s\u00e1bado a las 05:00 de la Argentina en la plaza de San Pedro, en una ceremonia en la que est\u00e1 previsto que participen jefes de Estado de todo el mundo. A su t\u00e9rmino, el f\u00e9retro ser\u00e1 trasladado a Santa Mar\u00eda la Mayor para ser enterrado, seg\u00fan dej\u00f3 escrito el pont\u00edfice argentino en su testamento.<\/p>\n\n\n\n<p>El pont\u00edfice simplific\u00f3 el a\u00f1o pasado los ritos funerarios en el documento \u2018Ordo Exsequiarum Romani Pontificis\u2019. Entre otras cosas, estipul\u00f3 ser velado en la capilla de su residencia y no en el Palacio, adem\u00e1s de que su cuerpo fuera despu\u00e9s expuesto a los fieles en un ata\u00fad abierto y no sobre un catafalco en la bas\u00edlica.<\/p>\n\n\n\n<figure class=\"wp-block-image\"><img decoding=\"async\" src=\"https:\/\/tn.com.ar\/resizer\/v2\/el-cardenal-camarlengo-kevin-joseph-farrell-camina-el-dia-del-traslado-del-cuerpo-del-papa-francisco-en-la-basilica-de-san-pedro-en-el-vaticano-el-23-de-abril-de-2025-foto-reutersyara-nardi-5KHOGE7U7VDV3HZJ6AZD6ZCSFA.jfif?auth=487e83748a56c8c32388e1083bc80fc119e8e9b6e5a0786e26281e10aa679c06&amp;width=767\" alt=\"El cardenal camarlengo Kevin Joseph Farrell camina, el d\u00eda del traslado del cuerpo del papa Francisco, en la Bas\u00edlica de San Pedro en el Vaticano, el 23 de abril de 2025 (Foto: Reuters\/Yara Nardi)\"\/><\/figure>\n\n\n\n<p>En su testamento, publicado este lunes, el fallecido papa dej\u00f3 escrita su voluntad de ser enterrado en una capilla en la bas\u00edlica romana de Santa Mar\u00eda la Mayor y en una tumba sencilla.<\/p>\n\n\n\n<p>\u201cSolicito que mi sepulcro sea preparado en el nicho de la nave lateral entre la Capilla Paulina (Capilla de la Salus Populi Romani) y la Capilla Sforza de la citada Bas\u00edlica Papal como se indica en el documento adjunto. El sepulcro debe estar en la tierra; sencillo, sin decoraci\u00f3n particular y con la \u00fanica inscripci\u00f3n: Franciscus\u201d, se lee en le testamento publicado tras su muerte a los 88 a\u00f1os.<\/p>\n\n\n\n<p>Mientras tanto, miles de fieles esperaban este mi\u00e9rcoles a entrar en la bas\u00edlica de San Pedro para dar su \u00faltimo adi\u00f3s al papa, despu\u00e9s de que decenas hayan podido ya rendir su homenaje al pont\u00edfice desde las 11.00 hora local (06.00 de la Argentina).<\/p>\n\n\n\n<p>La bas\u00edlica permanecer\u00e1 abierta este mi\u00e9rcoles hasta la medianoche y ma\u00f1ana volver\u00e1 a abrir a las 07.00 horas (02.00 de la Argentina) y hasta el viernes a las 19.00 (14.00) cuando se cerrar\u00e1 para comenzar el rito del cierre del f\u00e9retro.<\/p>\n","protected":false},"excerpt":{"rendered":"<p>El Vaticano anunci\u00f3 qu\u00e9 religiosos estar\u00e1n presentes en ambas ceremonias. Qu\u00e9 dice el testamento de Francisco. El cardenal camarlengo,\u00a0Kevin Joseph Farrell, presidir\u00e1 el pr\u00f3ximo viernes a las 15:00 horas de&hellip; <\/p>\n","protected":false},"author":8,"featured_media":203912,"comment_status":"closed","ping_status":"open","sticky":false,"template":"","format":"standard","meta":{"footnotes":""},"categories":[11],"tags":[],"class_list":["post-203911","post","type-post","status-publish","format-standard","has-post-thumbnail","hentry","category-internacionales"],"_links":{"self":[{"href":"https:\/\/corrientesdetarde.com\/index.php\/wp-json\/wp\/v2\/posts\/203911","targetHints":{"allow":["GET"]}}],"collection":[{"href":"https:\/\/corrientesdetarde.com\/index.php\/wp-json\/wp\/v2\/posts"}],"about":[{"href":"https:\/\/corrientesdetarde.com\/index.php\/wp-json\/wp\/v2\/types\/post"}],"author":[{"embeddable":true,"href":"https:\/\/corrientesdetarde.com\/index.php\/wp-json\/wp\/v2\/users\/8"}],"replies":[{"embeddable":true,"href":"https:\/\/corrientesdetarde.com\/index.php\/wp-json\/wp\/v2\/comments?post=203911"}],"version-history":[{"count":1,"href":"https:\/\/corrientesdetarde.com\/index.php\/wp-json\/wp\/v2\/posts\/203911\/revisions"}],"predecessor-version":[{"id":203913,"href":"https:\/\/corrientesdetarde.com\/index.php\/wp-json\/wp\/v2\/posts\/203911\/revisions\/203913"}],"wp:featuredmedia":[{"embeddable":true,"href":"https:\/\/corrientesdetarde.com\/index.php\/wp-json\/wp\/v2\/media\/203912"}],"wp:attachment":[{"href":"https:\/\/corrientesdetarde.com\/index.php\/wp-json\/wp\/v2\/media?parent=203911"}],"wp:term":[{"taxonomy":"category","embeddable":true,"href":"https:\/\/corrientesdetarde.com\/index.php\/wp-json\/wp\/v2\/categories?post=203911"},{"taxonomy":"post_tag","embeddable":true,"href":"https:\/\/corrientesdetarde.com\/index.php\/wp-json\/wp\/v2\/tags?post=203911"}],"curies":[{"name":"wp","href":"https:\/\/api.w.org\/{rel}","templated":true}]}}