{"id":203996,"date":"2025-04-23T23:26:29","date_gmt":"2025-04-24T02:26:29","guid":{"rendered":"https:\/\/corrientesdetarde.com\/?p=203996"},"modified":"2025-04-23T23:26:33","modified_gmt":"2025-04-24T02:26:33","slug":"gustavo-valdes-confirmo-la-fecha-de-pago-de-sueldos-de-abril-para-los-estatales-de-corrientes","status":"publish","type":"post","link":"https:\/\/corrientesdetarde.com\/index.php\/actualidad\/gustavo-valdes-confirmo-la-fecha-de-pago-de-sueldos-de-abril-para-los-estatales-de-corrientes\/","title":{"rendered":"Gustavo Vald\u00e9s confirm\u00f3 la fecha de pago de sueldos de abril para los estatales de Corrientes"},"content":{"rendered":"\n<p>El gobernador inform\u00f3 del cronograma salarial para los empleados p\u00fablicos. Arrancar\u00e1 este jueves 24 y se extender\u00e1 hasta el mi\u00e9rcoles 30.<\/p>\n\n\n\n<p>El gobernador Gustavo Vald\u00e9s inform\u00f3 el cronograma salarial del mes de abril. Arrancar\u00e1 este jueves 24 y se extender\u00e1 hasta el mi\u00e9rcoles 30.<\/p>\n\n\n\n<blockquote class=\"twitter-tweet\"><p lang=\"es\" dir=\"ltr\">Los sueldos del mes de abril para trabajadores provinciales activos y jubilados se pagar\u00e1n por terminaci\u00f3n de DNI:<br><br>\u2022 Jueves 24: 0 y 1<br>\u2022 Viernes 25: 2 y 3<br>\u2022 Lunes 28: 4 y 5*<br>\u2022 Martes 29: 6 y 7<br>\u2022 Mi\u00e9rcoles 30: 8 y 9<br><br>* En cajeros, s\u00e1bado 26.<\/p>&mdash; Gustavo Vald\u00e9s (@gustavovaldesok) <a href=\"https:\/\/twitter.com\/gustavovaldesok\/status\/1914635351513088370?ref_src=twsrc%5Etfw\">April 22, 2025<\/a><\/blockquote> <script async src=\"https:\/\/platform.twitter.com\/widgets.js\" charset=\"utf-8\"><\/script>\n\n\n\n<p>El primer tramo ser\u00e1 para los DNI terminados en 0 y 1. Como es habitual, llegar\u00e1 tanto a los trabajadores activos como al sector pasivo.<\/p>\n\n\n\n<p>El viernes 25 ser\u00e1 el turno de 2 y 3. Mientras que el lunes 28 para 4 y 5, tramo disponible desde el s\u00e1bado 26.<\/p>\n\n\n\n<p>El martes 29 cobrar\u00e1n 6 y 7. El cierre se concretar\u00e1 este mi\u00e9rcoles 30 para 8 y 9.<\/p>\n","protected":false},"excerpt":{"rendered":"<p>El gobernador inform\u00f3 del cronograma salarial para los empleados p\u00fablicos. Arrancar\u00e1 este jueves 24 y se extender\u00e1 hasta el mi\u00e9rcoles 30. El gobernador Gustavo Vald\u00e9s inform\u00f3 el cronograma salarial del&hellip; <\/p>\n","protected":false},"author":4,"featured_media":203997,"comment_status":"closed","ping_status":"open","sticky":false,"template":"","format":"standard","meta":{"footnotes":""},"categories":[23],"tags":[],"class_list":["post-203996","post","type-post","status-publish","format-standard","has-post-thumbnail","hentry","category-actualidad"],"_links":{"self":[{"href":"https:\/\/corrientesdetarde.com\/index.php\/wp-json\/wp\/v2\/posts\/203996","targetHints":{"allow":["GET"]}}],"collection":[{"href":"https:\/\/corrientesdetarde.com\/index.php\/wp-json\/wp\/v2\/posts"}],"about":[{"href":"https:\/\/corrientesdetarde.com\/index.php\/wp-json\/wp\/v2\/types\/post"}],"author":[{"embeddable":true,"href":"https:\/\/corrientesdetarde.com\/index.php\/wp-json\/wp\/v2\/users\/4"}],"replies":[{"embeddable":true,"href":"https:\/\/corrientesdetarde.com\/index.php\/wp-json\/wp\/v2\/comments?post=203996"}],"version-history":[{"count":1,"href":"https:\/\/corrientesdetarde.com\/index.php\/wp-json\/wp\/v2\/posts\/203996\/revisions"}],"predecessor-version":[{"id":203998,"href":"https:\/\/corrientesdetarde.com\/index.php\/wp-json\/wp\/v2\/posts\/203996\/revisions\/203998"}],"wp:featuredmedia":[{"embeddable":true,"href":"https:\/\/corrientesdetarde.com\/index.php\/wp-json\/wp\/v2\/media\/203997"}],"wp:attachment":[{"href":"https:\/\/corrientesdetarde.com\/index.php\/wp-json\/wp\/v2\/media?parent=203996"}],"wp:term":[{"taxonomy":"category","embeddable":true,"href":"https:\/\/corrientesdetarde.com\/index.php\/wp-json\/wp\/v2\/categories?post=203996"},{"taxonomy":"post_tag","embeddable":true,"href":"https:\/\/corrientesdetarde.com\/index.php\/wp-json\/wp\/v2\/tags?post=203996"}],"curies":[{"name":"wp","href":"https:\/\/api.w.org\/{rel}","templated":true}]}}