{"id":203999,"date":"2025-04-24T00:10:04","date_gmt":"2025-04-24T03:10:04","guid":{"rendered":"https:\/\/corrientesdetarde.com\/?p=203999"},"modified":"2025-04-24T08:30:43","modified_gmt":"2025-04-24T11:30:43","slug":"corrientes-la-policia-localizo-e-identifico-a-menores-que-atacaron-a-otro-y-le-hicieron-perder-un-ojo","status":"publish","type":"post","link":"https:\/\/corrientesdetarde.com\/index.php\/destacados\/corrientes-la-policia-localizo-e-identifico-a-menores-que-atacaron-a-otro-y-le-hicieron-perder-un-ojo\/","title":{"rendered":"Corrientes: la Polic\u00eda localiz\u00f3 e identific\u00f3 a menores que atacaron a otro y le hicieron perder un ojo"},"content":{"rendered":"\n<p>Efectivos Policiales de la Comisaria Decima Urbana, tras tomar conocimiento de un hecho acontecido d\u00edas atr\u00e1s en el Barrio Parque Cadena, en relaci\u00f3n a las supuestas lesiones grav\u00edsimas que sufriera un menor de edad, en uno de sus ojos, por parte de otros adolescentes quienes aparentemente y seg\u00fan la informaci\u00f3n inicial obtenida, por causas que se tratan de establecer le habr\u00edan lesionado con alg\u00fan tipo de elemento -gomera- y quienes finalmente fueron localizados e identificados, trat\u00e1ndose de dos menores de edad.<\/p>\n\n\n\n<p>En tal sentido, tras tomar conocimiento en forma inmediata y en colaboraci\u00f3n a la Unidad Fiscal en turno, se implement\u00f3 un amplio rastrillaje por distintos lugares del citado Barrio y zonas aleda\u00f1as en b\u00fasqueda de estos menores, logrando de esta manera localizarlos e identificarlos quienes pose\u00edan entre sus pertenencias, bolsas, ri\u00f1onera, hondas, cascote, piedras, entre otras cosas.<\/p>\n\n\n\n<p>Al respecto en la citada Comisaria se realizan las distintas diligencias con conocimiento de las Autoridades judiciales en turno.<\/p>\n","protected":false},"excerpt":{"rendered":"<p>Efectivos Policiales de la Comisaria Decima Urbana, tras tomar conocimiento de un hecho acontecido d\u00edas atr\u00e1s en el Barrio Parque Cadena, en relaci\u00f3n a las supuestas lesiones grav\u00edsimas que sufriera&hellip; <\/p>\n","protected":false},"author":4,"featured_media":204000,"comment_status":"closed","ping_status":"open","sticky":false,"template":"","format":"standard","meta":{"footnotes":""},"categories":[26,33],"tags":[],"class_list":["post-203999","post","type-post","status-publish","format-standard","has-post-thumbnail","hentry","category-destacados","category-policiales"],"_links":{"self":[{"href":"https:\/\/corrientesdetarde.com\/index.php\/wp-json\/wp\/v2\/posts\/203999","targetHints":{"allow":["GET"]}}],"collection":[{"href":"https:\/\/corrientesdetarde.com\/index.php\/wp-json\/wp\/v2\/posts"}],"about":[{"href":"https:\/\/corrientesdetarde.com\/index.php\/wp-json\/wp\/v2\/types\/post"}],"author":[{"embeddable":true,"href":"https:\/\/corrientesdetarde.com\/index.php\/wp-json\/wp\/v2\/users\/4"}],"replies":[{"embeddable":true,"href":"https:\/\/corrientesdetarde.com\/index.php\/wp-json\/wp\/v2\/comments?post=203999"}],"version-history":[{"count":2,"href":"https:\/\/corrientesdetarde.com\/index.php\/wp-json\/wp\/v2\/posts\/203999\/revisions"}],"predecessor-version":[{"id":204014,"href":"https:\/\/corrientesdetarde.com\/index.php\/wp-json\/wp\/v2\/posts\/203999\/revisions\/204014"}],"wp:featuredmedia":[{"embeddable":true,"href":"https:\/\/corrientesdetarde.com\/index.php\/wp-json\/wp\/v2\/media\/204000"}],"wp:attachment":[{"href":"https:\/\/corrientesdetarde.com\/index.php\/wp-json\/wp\/v2\/media?parent=203999"}],"wp:term":[{"taxonomy":"category","embeddable":true,"href":"https:\/\/corrientesdetarde.com\/index.php\/wp-json\/wp\/v2\/categories?post=203999"},{"taxonomy":"post_tag","embeddable":true,"href":"https:\/\/corrientesdetarde.com\/index.php\/wp-json\/wp\/v2\/tags?post=203999"}],"curies":[{"name":"wp","href":"https:\/\/api.w.org\/{rel}","templated":true}]}}