{"id":204003,"date":"2025-04-24T00:14:59","date_gmt":"2025-04-24T03:14:59","guid":{"rendered":"https:\/\/corrientesdetarde.com\/?p=204003"},"modified":"2025-04-24T00:15:04","modified_gmt":"2025-04-24T03:15:04","slug":"fue-el-amor-de-mi-vida-lilia-lemoine-sobre-javier-milei-tras-la-separacion-de-yuyito-gonzalez","status":"publish","type":"post","link":"https:\/\/corrientesdetarde.com\/index.php\/politica\/fue-el-amor-de-mi-vida-lilia-lemoine-sobre-javier-milei-tras-la-separacion-de-yuyito-gonzalez\/","title":{"rendered":"&#8220;Fue el amor de mi vida&#8221;: Lilia Lemoine sobre Javier Milei tras la separaci\u00f3n de Yuyito Gonz\u00e1lez"},"content":{"rendered":"\n<p>La diputada se refiri\u00f3 al quiebre entre la conductora y el mandatario y no dej\u00f3 pasar la oportunidad de recordar sus sentimientos sobre el presidente.<\/p>\n\n\n\n<p>Desde tiempo atr\u00e1s, la diputada Lilia Lemoine no tiene reparo en demostrar sus sentimientos hacia el Presidente Javier Milei y, tras el fin de la relaci\u00f3n entre el mandatario y la conductora Amalia &#8220;Yuyito&#8221; Gonz\u00e1lez, la funcionaria volvi\u00f3 a se\u00f1alar que fue &#8220;el amor de su vida&#8221;.<\/p>\n\n\n\n<p>En principio, Lemoine se refiri\u00f3 al quiebre del v\u00ednculo, confirmado por la ex vedette: &#8220;Lamento que no haya funcionado, pero pasa. Que gente buena, que se quiere, de pronto decida no estar m\u00e1s junta, es algo habitual y nos pasa a todos&#8221;<\/p>\n\n\n\n<p>La diputada sostuvo que se lleva &#8220;muy bien&#8221; con la presentadora a pesar de haber manifestado que estuvo enamorada del mandatario. Lilia, protagonista de extra\u00f1as escenas en \u00e1mbitos como el cosplay, dej\u00f3 una memorable frase.<\/p>\n\n\n\n<p>En medio de los rumores de un posible romance entre ella y el jefe de Estado, &nbsp;la miembro de la C\u00e1mara de Diputados de la Naci\u00f3n se\u00f1al\u00f3: &#8220;Fue el amor de mi vida, de mi lado. Habr\u00e1 sido mi gran amor, pero no viceversa&#8221;.<\/p>\n","protected":false},"excerpt":{"rendered":"<p>La diputada se refiri\u00f3 al quiebre entre la conductora y el mandatario y no dej\u00f3 pasar la oportunidad de recordar sus sentimientos sobre el presidente. Desde tiempo atr\u00e1s, la diputada&hellip; <\/p>\n","protected":false},"author":4,"featured_media":204004,"comment_status":"closed","ping_status":"open","sticky":false,"template":"","format":"standard","meta":{"footnotes":""},"categories":[3],"tags":[],"class_list":["post-204003","post","type-post","status-publish","format-standard","has-post-thumbnail","hentry","category-politica"],"_links":{"self":[{"href":"https:\/\/corrientesdetarde.com\/index.php\/wp-json\/wp\/v2\/posts\/204003","targetHints":{"allow":["GET"]}}],"collection":[{"href":"https:\/\/corrientesdetarde.com\/index.php\/wp-json\/wp\/v2\/posts"}],"about":[{"href":"https:\/\/corrientesdetarde.com\/index.php\/wp-json\/wp\/v2\/types\/post"}],"author":[{"embeddable":true,"href":"https:\/\/corrientesdetarde.com\/index.php\/wp-json\/wp\/v2\/users\/4"}],"replies":[{"embeddable":true,"href":"https:\/\/corrientesdetarde.com\/index.php\/wp-json\/wp\/v2\/comments?post=204003"}],"version-history":[{"count":1,"href":"https:\/\/corrientesdetarde.com\/index.php\/wp-json\/wp\/v2\/posts\/204003\/revisions"}],"predecessor-version":[{"id":204005,"href":"https:\/\/corrientesdetarde.com\/index.php\/wp-json\/wp\/v2\/posts\/204003\/revisions\/204005"}],"wp:featuredmedia":[{"embeddable":true,"href":"https:\/\/corrientesdetarde.com\/index.php\/wp-json\/wp\/v2\/media\/204004"}],"wp:attachment":[{"href":"https:\/\/corrientesdetarde.com\/index.php\/wp-json\/wp\/v2\/media?parent=204003"}],"wp:term":[{"taxonomy":"category","embeddable":true,"href":"https:\/\/corrientesdetarde.com\/index.php\/wp-json\/wp\/v2\/categories?post=204003"},{"taxonomy":"post_tag","embeddable":true,"href":"https:\/\/corrientesdetarde.com\/index.php\/wp-json\/wp\/v2\/tags?post=204003"}],"curies":[{"name":"wp","href":"https:\/\/api.w.org\/{rel}","templated":true}]}}