{"id":204007,"date":"2025-04-24T08:30:06","date_gmt":"2025-04-24T11:30:06","guid":{"rendered":"https:\/\/corrientesdetarde.com\/?p=204007"},"modified":"2025-04-24T08:30:11","modified_gmt":"2025-04-24T11:30:11","slug":"transmision-la-basilica-de-san-pedro-recibe-a-los-fieles-por-segundo-dia-para-despedir-al-papa-francisco","status":"publish","type":"post","link":"https:\/\/corrientesdetarde.com\/index.php\/actualidad\/transmision-la-basilica-de-san-pedro-recibe-a-los-fieles-por-segundo-dia-para-despedir-al-papa-francisco\/","title":{"rendered":"Transmisi\u00f3n: La bas\u00edlica de San Pedro recibe a los fieles por segundo d\u00eda para despedir al Papa Francisco"},"content":{"rendered":"\n<p>La bas\u00edlica de San Pedro contin\u00faa, por segundo d\u00eda consecutivo, recibiendo a miles de fieles que dar\u00e1n el \u00faltimo adi\u00f3s al Papa Francisco. Se espera que la afluencia sea a\u00fan mayor que la del mi\u00e9rcoles, cuando se estima que m\u00e1s de 45.000 personas pasaron frente al ata\u00fad del pont\u00edfice.<\/p>\n\n\n\n<figure class=\"wp-block-embed is-type-video is-provider-youtube wp-block-embed-youtube wp-embed-aspect-4-3 wp-has-aspect-ratio\"><div class=\"wp-block-embed__wrapper\">\n<iframe loading=\"lazy\" title=\"Vatican Media Live - Espa\u00f1ol\" width=\"1110\" height=\"833\" src=\"https:\/\/www.youtube.com\/embed\/VgyeonlpkO8?feature=oembed\" frameborder=\"0\" allow=\"accelerometer; autoplay; clipboard-write; encrypted-media; gyroscope; picture-in-picture; web-share\" referrerpolicy=\"strict-origin-when-cross-origin\" allowfullscreen><\/iframe>\n<\/div><\/figure>\n\n\n\n<figure class=\"wp-block-image size-full\"><img loading=\"lazy\" decoding=\"async\" width=\"992\" height=\"661\" src=\"https:\/\/corrientesdetarde.com\/wp-content\/uploads\/2025\/04\/image-957.png\" alt=\"\" class=\"wp-image-204011\" srcset=\"https:\/\/corrientesdetarde.com\/wp-content\/uploads\/2025\/04\/image-957.png 992w, https:\/\/corrientesdetarde.com\/wp-content\/uploads\/2025\/04\/image-957-300x200.png 300w, https:\/\/corrientesdetarde.com\/wp-content\/uploads\/2025\/04\/image-957-768x512.png 768w\" sizes=\"auto, (max-width: 992px) 100vw, 992px\" \/><\/figure>\n\n\n\n<p><\/p>\n\n\n\n<p>El gobierno italiano despleg\u00f3 un gran operativo de seguridad en Roma para controlar la afluencia de visitantes durante estos d\u00edas previos al funeral, sobre todo con la llegada de importantes figuras internacionales.<\/p>\n\n\n\n<p>Entre los asistentes confirmados se encuentran el presidente de Estados Unidos, Donald Trump, el presidente de Ucrania, Volodimir Zelensky, el presidente de Argentina, Javier Milei, y el pr\u00edncipe William de Inglaterra.<\/p>\n\n\n\n<p>Protecci\u00f3n Civil de Italia ha estimado que varias centenas de miles de personas llegar\u00e1n a la ciudad, coincidiendo con un fin de semana largo debido a un feriado p\u00fablico.<\/p>\n\n\n\n<p>Despu\u00e9s del funeral, el cuerpo de Francisco ser\u00e1 trasladado a la Bas\u00edlica de Santa Mar\u00eda la Mayor en Roma, uno de sus lugares preferidos, donde se cumplir\u00e1 su \u00faltima voluntad: ser enterrado en una tumba sencilla.<\/p>\n\n\n\n<figure class=\"wp-block-image\"><img decoding=\"async\" src=\"https:\/\/www.diarioepoca.com\/content\/bucket\/0\/1426020h720.jpg.webp\" alt=\"pap3.jpg\"\/><\/figure>\n\n\n\n<figure class=\"wp-block-image\"><img decoding=\"async\" src=\"https:\/\/www.diarioepoca.com\/content\/bucket\/1\/1426021h720.jpg.webp\" alt=\"papa2.jpg\"\/><\/figure>\n\n\n\n<figure class=\"wp-block-image size-full\"><img loading=\"lazy\" decoding=\"async\" width=\"992\" height=\"661\" src=\"https:\/\/corrientesdetarde.com\/wp-content\/uploads\/2025\/04\/image-958.png\" alt=\"\" class=\"wp-image-204012\" srcset=\"https:\/\/corrientesdetarde.com\/wp-content\/uploads\/2025\/04\/image-958.png 992w, https:\/\/corrientesdetarde.com\/wp-content\/uploads\/2025\/04\/image-958-300x200.png 300w, https:\/\/corrientesdetarde.com\/wp-content\/uploads\/2025\/04\/image-958-768x512.png 768w\" sizes=\"auto, (max-width: 992px) 100vw, 992px\" \/><\/figure>\n","protected":false},"excerpt":{"rendered":"<p>La bas\u00edlica de San Pedro contin\u00faa, por segundo d\u00eda consecutivo, recibiendo a miles de fieles que dar\u00e1n el \u00faltimo adi\u00f3s al Papa Francisco. Se espera que la afluencia sea a\u00fan&hellip; <\/p>\n","protected":false},"author":1,"featured_media":204010,"comment_status":"closed","ping_status":"open","sticky":false,"template":"","format":"standard","meta":{"footnotes":""},"categories":[23],"tags":[],"class_list":["post-204007","post","type-post","status-publish","format-standard","has-post-thumbnail","hentry","category-actualidad"],"_links":{"self":[{"href":"https:\/\/corrientesdetarde.com\/index.php\/wp-json\/wp\/v2\/posts\/204007","targetHints":{"allow":["GET"]}}],"collection":[{"href":"https:\/\/corrientesdetarde.com\/index.php\/wp-json\/wp\/v2\/posts"}],"about":[{"href":"https:\/\/corrientesdetarde.com\/index.php\/wp-json\/wp\/v2\/types\/post"}],"author":[{"embeddable":true,"href":"https:\/\/corrientesdetarde.com\/index.php\/wp-json\/wp\/v2\/users\/1"}],"replies":[{"embeddable":true,"href":"https:\/\/corrientesdetarde.com\/index.php\/wp-json\/wp\/v2\/comments?post=204007"}],"version-history":[{"count":1,"href":"https:\/\/corrientesdetarde.com\/index.php\/wp-json\/wp\/v2\/posts\/204007\/revisions"}],"predecessor-version":[{"id":204013,"href":"https:\/\/corrientesdetarde.com\/index.php\/wp-json\/wp\/v2\/posts\/204007\/revisions\/204013"}],"wp:featuredmedia":[{"embeddable":true,"href":"https:\/\/corrientesdetarde.com\/index.php\/wp-json\/wp\/v2\/media\/204010"}],"wp:attachment":[{"href":"https:\/\/corrientesdetarde.com\/index.php\/wp-json\/wp\/v2\/media?parent=204007"}],"wp:term":[{"taxonomy":"category","embeddable":true,"href":"https:\/\/corrientesdetarde.com\/index.php\/wp-json\/wp\/v2\/categories?post=204007"},{"taxonomy":"post_tag","embeddable":true,"href":"https:\/\/corrientesdetarde.com\/index.php\/wp-json\/wp\/v2\/tags?post=204007"}],"curies":[{"name":"wp","href":"https:\/\/api.w.org\/{rel}","templated":true}]}}