{"id":204008,"date":"2025-04-24T08:26:57","date_gmt":"2025-04-24T11:26:57","guid":{"rendered":"https:\/\/corrientesdetarde.com\/?p=204008"},"modified":"2025-04-24T08:26:59","modified_gmt":"2025-04-24T11:26:59","slug":"corrientes-alerta-amarilla-por-tormentas","status":"publish","type":"post","link":"https:\/\/corrientesdetarde.com\/index.php\/locales\/corrientes-alerta-amarilla-por-tormentas\/","title":{"rendered":"Corrientes: Alerta amarilla por tormentas"},"content":{"rendered":"\n<p>Una nueva alerta por tormenta amarilla rige en la provincia de Corrientes, tras semanas sin precipitaciones. Seg\u00fan la \u00faltima actualizaci\u00f3n del Servicio Meteorol\u00f3gico Nacional (SMN),<strong>&nbsp;la advertencia rige durante este jueves por la ma\u00f1ana.&nbsp;Las lluvias vendr\u00e1n acompa\u00f1adas de un descenso de temperatura.&nbsp;<\/strong><\/p>\n\n\n\n<p>Las precipitaciones podr\u00edan ser localmente intensas en un corto periodo de tiempo, por lo que los correntinos deber\u00edan tomar recaudos antes de salir de sus casas.&nbsp;&nbsp;<img decoding=\"async\" alt=\"Alerta amarilla por tormentas fuertes en Corrientes  \" src=\"https:\/\/pxcdn.ellitoral.com.ar\/litoral\/042025\/1745450464384.jpg?cw=807\"><\/p>\n\n\n\n<p>Advertencia para este mi\u00e9rcoles por la noche<img decoding=\"async\" alt=\"Alerta amarilla por tormentas fuertes en Corrientes  \" src=\"https:\/\/pxcdn.ellitoral.com.ar\/litoral\/042025\/1745450461643.jpg?cw=807\"><\/p>\n\n\n\n<p>Advertencia para el jueves<\/p>\n\n\n\n<p>Este mi\u00e9rcoles por la noche las lluvias se podr\u00edan desarrollar con hasta un 70% de probabilidad, y la advertencia comprende a&nbsp;<strong>Bella Vista, Esquina, Goya, Lavalle, Concepci\u00f3n, Curuz\u00fa Cuati\u00e1, Mercedes, San Roque, Sauce, Ber\u00f3n de Astrada, Capital, Empedrado, General Paz, Itat\u00ed, Mburucuy\u00e1, Saladas, San Cosme y San Luis del Palmar.&nbsp;<\/strong>Mientras que para&nbsp;<strong>el jueves por la madrugada y ma\u00f1ana se traslada al resto de la provincia.<\/strong><\/p>\n\n\n\n<p>La alerta amarilla emitida por el organismo nacional se\u00f1ala que \u201cel \u00e1rea ser\u00e1 afectada por lluvias y tormentas, algunas localmente fuertes. Las mismas podr\u00e1n estar acompa\u00f1adas por fuerte actividad el\u00e9ctrica, granizo, r\u00e1fagas de hasta 60 km\/h, y principalmente abundante ca\u00edda de agua en cortos periodos. Se prev\u00e9n valores de precipitaci\u00f3n acumulada entre 40 y 70 mm, pudiendo ser superados en forma puntual\u201d.&nbsp;<\/p>\n\n\n\n<p><strong>En cuanto a las temperaturas,<\/strong>&nbsp;para este jueves se espera que la m\u00ednima descienda a los 17\u00ba y la m\u00e1xima a los 24\u00baC, un notable descenso a comparaci\u00f3n de la jornada del mi\u00e9rcoles cuando la sensaci\u00f3n t\u00e9rmica se alz\u00f3 hasta los 32\u00baC.&nbsp;<\/p>\n\n\n\n<p>Para el viernes rondar\u00e1n entre los 16\u00baC y los 27\u00baC y para el s\u00e1bado, las temperaturas oscilar\u00e1n entre los 17\u00baC y los 27\u00baC, con posibilidad de chaparrones durante la noche.&nbsp;<\/p>\n","protected":false},"excerpt":{"rendered":"<p>Una nueva alerta por tormenta amarilla rige en la provincia de Corrientes, tras semanas sin precipitaciones. Seg\u00fan la \u00faltima actualizaci\u00f3n del Servicio Meteorol\u00f3gico Nacional (SMN),&nbsp;la advertencia rige durante este jueves&hellip; <\/p>\n","protected":false},"author":1,"featured_media":130854,"comment_status":"closed","ping_status":"open","sticky":false,"template":"","format":"standard","meta":{"footnotes":""},"categories":[29,8],"tags":[],"class_list":["post-204008","post","type-post","status-publish","format-standard","has-post-thumbnail","hentry","category-clima","category-locales"],"_links":{"self":[{"href":"https:\/\/corrientesdetarde.com\/index.php\/wp-json\/wp\/v2\/posts\/204008","targetHints":{"allow":["GET"]}}],"collection":[{"href":"https:\/\/corrientesdetarde.com\/index.php\/wp-json\/wp\/v2\/posts"}],"about":[{"href":"https:\/\/corrientesdetarde.com\/index.php\/wp-json\/wp\/v2\/types\/post"}],"author":[{"embeddable":true,"href":"https:\/\/corrientesdetarde.com\/index.php\/wp-json\/wp\/v2\/users\/1"}],"replies":[{"embeddable":true,"href":"https:\/\/corrientesdetarde.com\/index.php\/wp-json\/wp\/v2\/comments?post=204008"}],"version-history":[{"count":1,"href":"https:\/\/corrientesdetarde.com\/index.php\/wp-json\/wp\/v2\/posts\/204008\/revisions"}],"predecessor-version":[{"id":204009,"href":"https:\/\/corrientesdetarde.com\/index.php\/wp-json\/wp\/v2\/posts\/204008\/revisions\/204009"}],"wp:featuredmedia":[{"embeddable":true,"href":"https:\/\/corrientesdetarde.com\/index.php\/wp-json\/wp\/v2\/media\/130854"}],"wp:attachment":[{"href":"https:\/\/corrientesdetarde.com\/index.php\/wp-json\/wp\/v2\/media?parent=204008"}],"wp:term":[{"taxonomy":"category","embeddable":true,"href":"https:\/\/corrientesdetarde.com\/index.php\/wp-json\/wp\/v2\/categories?post=204008"},{"taxonomy":"post_tag","embeddable":true,"href":"https:\/\/corrientesdetarde.com\/index.php\/wp-json\/wp\/v2\/tags?post=204008"}],"curies":[{"name":"wp","href":"https:\/\/api.w.org\/{rel}","templated":true}]}}