{"id":204015,"date":"2025-04-24T08:35:27","date_gmt":"2025-04-24T11:35:27","guid":{"rendered":"https:\/\/corrientesdetarde.com\/?p=204015"},"modified":"2025-04-24T08:35:31","modified_gmt":"2025-04-24T11:35:31","slug":"el-medico-del-papa-aclaro-cual-fue-el-ultimo-pedido-de-francisco-antes-de-su-muerte","status":"publish","type":"post","link":"https:\/\/corrientesdetarde.com\/index.php\/informacion-general\/el-medico-del-papa-aclaro-cual-fue-el-ultimo-pedido-de-francisco-antes-de-su-muerte\/","title":{"rendered":"El m\u00e9dico del Papa aclar\u00f3 cu\u00e1l fue el \u00faltimo pedido de Francisco antes de su muerte"},"content":{"rendered":"\n<p>&#8220;No respond\u00eda a los est\u00edmulos, ni siquiera a los dolorosos. En ese momento me di cuenta de que no pod\u00eda hacer nada m\u00e1s. Estaba en coma&#8221;, explica Alfieri en declaraciones publicadas en los medios italianos. Revela que &#8220;si hubiera perdido el conocimiento&#8221; se habr\u00eda &#8220;tenido que seguir las directrices de su asistente personal de salud, Massimiliano Strappetti, que era como un hijo para el Santo Padre&#8221; y que eran las de &#8220;ning\u00fan ensa\u00f1amiento terap\u00e9utico&#8221;.&nbsp;<\/p>\n\n\n\n<p>&#8220;Durante su \u00faltima hospitalizaci\u00f3n pidi\u00f3 expresamente que no se procediera en ning\u00fan caso a la intubaci\u00f3n&#8221;, que &#8220;le habr\u00eda ayudado a respirar, pero habr\u00eda sido dif\u00edcil volver atr\u00e1s y extubarle, con los pulmones infectados de virus&#8221;, explica.<\/p>\n\n\n\n<p>El que fue tambi\u00e9n su cirujano en dos operaciones explic\u00f3: &#8220;El lunes hacia las 5:30 de la ma\u00f1ana recib\u00ed una llamada de Strappetti: El Santo Padre est\u00e1 muy enfermo tenemos que volver al Gemelli. Preavis\u00e9 a todos y veinte minutos despu\u00e9s estaba all\u00ed en Santa Marta, parec\u00eda dif\u00edcil pensar que fuera necesario un ingreso&#8221;.&nbsp;<\/p>\n\n\n\n<p>&#8220;Corr\u00edamos el riesgo de que muriera en el traslado, le expliqu\u00e9 que la hospitalizaci\u00f3n habr\u00eda sido in\u00fatil. Strappetti sab\u00eda que el papa quer\u00eda morir en casa, siempre lo dec\u00eda cuando est\u00e1bamos en el Gemelli. Muri\u00f3 poco despu\u00e9s&#8221;, recuerda Alfieri.<\/p>\n\n\n\n<p>En otra entrevista asegura que &#8220;nunca se expuso al peligro&#8221;. &#8220;Es como si, acerc\u00e1ndose al final, hubiera decidido hacer lo que tuviera que hacer. Como ocurri\u00f3 en el Domingo de Resurrecci\u00f3n, &#8220;cuando acept\u00f3 la propuesta de su asistente sanitario personal Massimiliano Strappetti de dar la vuelta a la plaza entre la multitud&#8221;, a\u00f1ade.<\/p>\n\n\n\n<p>Sobre la causa de la muerte, Alfieri explica que &#8220;fue uno de esos infartos que te llevan en una hora, quiz\u00e1 se inici\u00f3 un \u00e9mbolo y ocluy\u00f3 un vaso sangu\u00edneo del cerebro. Quiz\u00e1 hubo una hemorragia. Son sucesos que le pueden ocurrir a cualquiera, pero los ancianos corren m\u00e1s riesgo, sobre todo si se mueven poco&#8221;.<\/p>\n\n\n\n<p>Seg\u00fan el parte de defunci\u00f3n, firmado por el director de Sanidad e Higiene del Estado de la Ciudad del Vaticano, Andrea Arcangeli, la muerte se produjo a las 7:35 horas locales (5:35 GMT) del 21 de abril en su apartamento, la residencia vaticana Casa Santa Marta, por un ictus, que deriv\u00f3 en un coma y despu\u00e9s una parada cardiocirculatoria.&nbsp;<\/p>\n","protected":false},"excerpt":{"rendered":"<p>&#8220;No respond\u00eda a los est\u00edmulos, ni siquiera a los dolorosos. En ese momento me di cuenta de que no pod\u00eda hacer nada m\u00e1s. Estaba en coma&#8221;, explica Alfieri en declaraciones&hellip; <\/p>\n","protected":false},"author":1,"featured_media":181217,"comment_status":"closed","ping_status":"open","sticky":false,"template":"","format":"standard","meta":{"footnotes":""},"categories":[1],"tags":[],"class_list":["post-204015","post","type-post","status-publish","format-standard","has-post-thumbnail","hentry","category-informacion-general"],"_links":{"self":[{"href":"https:\/\/corrientesdetarde.com\/index.php\/wp-json\/wp\/v2\/posts\/204015","targetHints":{"allow":["GET"]}}],"collection":[{"href":"https:\/\/corrientesdetarde.com\/index.php\/wp-json\/wp\/v2\/posts"}],"about":[{"href":"https:\/\/corrientesdetarde.com\/index.php\/wp-json\/wp\/v2\/types\/post"}],"author":[{"embeddable":true,"href":"https:\/\/corrientesdetarde.com\/index.php\/wp-json\/wp\/v2\/users\/1"}],"replies":[{"embeddable":true,"href":"https:\/\/corrientesdetarde.com\/index.php\/wp-json\/wp\/v2\/comments?post=204015"}],"version-history":[{"count":1,"href":"https:\/\/corrientesdetarde.com\/index.php\/wp-json\/wp\/v2\/posts\/204015\/revisions"}],"predecessor-version":[{"id":204019,"href":"https:\/\/corrientesdetarde.com\/index.php\/wp-json\/wp\/v2\/posts\/204015\/revisions\/204019"}],"wp:featuredmedia":[{"embeddable":true,"href":"https:\/\/corrientesdetarde.com\/index.php\/wp-json\/wp\/v2\/media\/181217"}],"wp:attachment":[{"href":"https:\/\/corrientesdetarde.com\/index.php\/wp-json\/wp\/v2\/media?parent=204015"}],"wp:term":[{"taxonomy":"category","embeddable":true,"href":"https:\/\/corrientesdetarde.com\/index.php\/wp-json\/wp\/v2\/categories?post=204015"},{"taxonomy":"post_tag","embeddable":true,"href":"https:\/\/corrientesdetarde.com\/index.php\/wp-json\/wp\/v2\/tags?post=204015"}],"curies":[{"name":"wp","href":"https:\/\/api.w.org\/{rel}","templated":true}]}}