{"id":204024,"date":"2025-04-24T08:40:36","date_gmt":"2025-04-24T11:40:36","guid":{"rendered":"https:\/\/corrientesdetarde.com\/?p=204024"},"modified":"2025-04-24T08:40:40","modified_gmt":"2025-04-24T11:40:40","slug":"hallaron-muerta-a-una-nena-de-5-anos-y-la-madre-quedo-detenida","status":"publish","type":"post","link":"https:\/\/corrientesdetarde.com\/index.php\/crimen-y-justicia\/hallaron-muerta-a-una-nena-de-5-anos-y-la-madre-quedo-detenida\/","title":{"rendered":"hallaron muerta a una nena de 5 a\u00f1os y la madre qued\u00f3 detenida"},"content":{"rendered":"\n<p>Mar\u00eda Maidana ten\u00eda 5 a\u00f1os y estaba desaparecida desde hac\u00eda una semana. En las \u00faltimas horas, fue encontrada muerta dentro de una bolsa de arpillera a metros de su casa en Colonia Weitzel, en la remota localidad de Dos Trece en la provincia de Formosa.<\/p>\n\n\n\n<p>Los principales sospechosos son su madre, Rosal\u00eda Maidana, y su padrastro, N\u00e9stor P\u00e9rez, quienes entraron en ciertas contradicciones durante sus declaraciones, por lo que quedaron detenidos. Pero la m\u00e1s complicada en su mam\u00e1, una joven de 20 a\u00f1os que dijo varias mentiras sobre el paradero de su hija cuando estaba siendo intensamente buscada.<\/p>\n\n\n\n<p><strong>Las contradicciones por las que quedaron detenidos la mam\u00e1 y el padrastro<\/strong><br>El caso fue reportado el martes, cuando la abuela materna de Mar\u00eda decidi\u00f3 ir hasta la comisar\u00eda a denunciar que hac\u00eda cinco d\u00edas que su nieta no iba al jard\u00edn de infantes, y que tampoco pod\u00eda localizarla. Cuando la Polic\u00eda fue hasta la casa de la madre de la nena, ella minti\u00f3 y les dijo que su hija se hab\u00eda ido con su t\u00eda a El Colorado, a unos 14 kil\u00f3metros.<\/p>\n\n\n\n<p>Sin embargo, los agentes se comunicaron con su pariente y la mujer les dijo que no la hab\u00eda visto y que no hab\u00eda estado con ella en los \u00faltimos d\u00edas. Fue entonces que la mam\u00e1 de la menor cambi\u00f3 su versi\u00f3n y dijo su segunda mentira: que su hija se hab\u00eda ca\u00eddo al r\u00edo Bermejo y que por miedo no lo hab\u00eda denunciado.<\/p>\n\n\n\n<p>Pero las contradicciones de la sospechosa la pusieron en la mira de la Justicia. Sin perder el tiempo, se abri\u00f3 una investigaci\u00f3n que recay\u00f3 en el Juzgado de Instrucci\u00f3n N\u00b02 de Formosa, y del Juzgado N\u00b07 de Menores, que dispusieron varias medidas.<\/p>\n\n\n\n<p>La primera orden de las autoridades fue hacer un allanamiento de urgencia en la casa de la mam\u00e1 de Mar\u00eda, as\u00ed como tambi\u00e9n un intenso rastrillaje en la zona lindera al r\u00edo Bermejo. Despu\u00e9s de varias horas de b\u00fasqueda, cerca de las 15.00 del martes, los polic\u00edas vieron que a unos mil metros de la vivienda hab\u00eda tierra removida.<\/p>\n\n\n\n<p>Al rastrillar el sector, encontraron una bolsa de arpillera enterrada. Cuando la abrieron descubrieron que la nena estaba adentro. As\u00ed, el comisario mayor Horacio Bueno dispuso que la zona sea resguardada por la Polic\u00eda Cient\u00edfica.<\/p>\n\n\n\n<p>En tanto, el cuerpo de la menor fue llevado a la morgue judicial del barrio San Antonio, donde le har\u00e1n el examen de autopsia para determinar las causas de muerte.<\/p>\n","protected":false},"excerpt":{"rendered":"<p>Mar\u00eda Maidana ten\u00eda 5 a\u00f1os y estaba desaparecida desde hac\u00eda una semana. En las \u00faltimas horas, fue encontrada muerta dentro de una bolsa de arpillera a metros de su casa&hellip; <\/p>\n","protected":false},"author":1,"featured_media":204028,"comment_status":"closed","ping_status":"open","sticky":false,"template":"","format":"standard","meta":{"footnotes":""},"categories":[5],"tags":[],"class_list":["post-204024","post","type-post","status-publish","format-standard","has-post-thumbnail","hentry","category-crimen-y-justicia"],"_links":{"self":[{"href":"https:\/\/corrientesdetarde.com\/index.php\/wp-json\/wp\/v2\/posts\/204024","targetHints":{"allow":["GET"]}}],"collection":[{"href":"https:\/\/corrientesdetarde.com\/index.php\/wp-json\/wp\/v2\/posts"}],"about":[{"href":"https:\/\/corrientesdetarde.com\/index.php\/wp-json\/wp\/v2\/types\/post"}],"author":[{"embeddable":true,"href":"https:\/\/corrientesdetarde.com\/index.php\/wp-json\/wp\/v2\/users\/1"}],"replies":[{"embeddable":true,"href":"https:\/\/corrientesdetarde.com\/index.php\/wp-json\/wp\/v2\/comments?post=204024"}],"version-history":[{"count":1,"href":"https:\/\/corrientesdetarde.com\/index.php\/wp-json\/wp\/v2\/posts\/204024\/revisions"}],"predecessor-version":[{"id":204029,"href":"https:\/\/corrientesdetarde.com\/index.php\/wp-json\/wp\/v2\/posts\/204024\/revisions\/204029"}],"wp:featuredmedia":[{"embeddable":true,"href":"https:\/\/corrientesdetarde.com\/index.php\/wp-json\/wp\/v2\/media\/204028"}],"wp:attachment":[{"href":"https:\/\/corrientesdetarde.com\/index.php\/wp-json\/wp\/v2\/media?parent=204024"}],"wp:term":[{"taxonomy":"category","embeddable":true,"href":"https:\/\/corrientesdetarde.com\/index.php\/wp-json\/wp\/v2\/categories?post=204024"},{"taxonomy":"post_tag","embeddable":true,"href":"https:\/\/corrientesdetarde.com\/index.php\/wp-json\/wp\/v2\/tags?post=204024"}],"curies":[{"name":"wp","href":"https:\/\/api.w.org\/{rel}","templated":true}]}}