{"id":204025,"date":"2025-04-24T08:38:50","date_gmt":"2025-04-24T11:38:50","guid":{"rendered":"https:\/\/corrientesdetarde.com\/?p=204025"},"modified":"2025-04-24T08:39:06","modified_gmt":"2025-04-24T11:39:06","slug":"mas-de-200-mil-hectareas-quemadas-en-corrientes-cuales-fueron-las-zonas-mas-afectadas","status":"publish","type":"post","link":"https:\/\/corrientesdetarde.com\/index.php\/medio-ambiente\/mas-de-200-mil-hectareas-quemadas-en-corrientes-cuales-fueron-las-zonas-mas-afectadas\/","title":{"rendered":"M\u00e1s de 200 mil hect\u00e1reas quemadas en Corrientes: cu\u00e1les fueron las zonas m\u00e1s afectadas"},"content":{"rendered":"\n<p>M\u00e1s de 200 mil hect\u00e1reas arrasadas por el fuego en Corrientes en lo que va del a\u00f1o. As\u00ed lo revel\u00f3 un informe del Inta Corrientes y\u00a0<strong>se\u00f1ala que durante ese per\u00edodo del 1 de enero al 5 de abril 2025, el fuego afect\u00f3 205.303 hect\u00e1reas, de las cuales 41.249 fueron consumidas solo entre el 19 de marzo y el 4 de abril.<\/strong><\/p>\n\n\n\n<p>Los pastizales del centro-sur fueron los m\u00e1s afectados, con 56.844 hect\u00e1reas calcinadas, lo que representa el 28% del total. Les siguen los malezales (19%), los pastizales del noroeste (13%) y los bosques nativos (11%). Tambi\u00e9n se registraron importantes p\u00e9rdidas en esteros y ba\u00f1ados (10%), mientras que el resto corresponde a otras coberturas naturales.<\/p>\n\n\n\n<p><strong>\u00bfD\u00f3nde se concentraron los incendios?<\/strong><\/p>\n\n\n\n<p><strong>Los departamentos m\u00e1s castigados por el fuego fueron Curuz\u00fa Cuati\u00e1 (37.948 ha), Mercedes (31.395 ha) y San Mart\u00edn (21.413 ha).&nbsp;<\/strong>Tambi\u00e9n se registraron importantes da\u00f1os en&nbsp;<strong>San Luis del Palmar, donde las llamas consumieron 17.804 hect\u00e1reas, y en Paso de los Libres, que report\u00f3 17.540 hect\u00e1reas.<\/strong><img decoding=\"async\" alt=\"M\u00e1s de 200 mil hect\u00e1reas quemadas en Corrientes: cu\u00e1les fueron las zonas m\u00e1s afectadas \" src=\"https:\/\/pxcdn.ellitoral.com.ar\/litoral\/042025\/1745453628094.jpg?cw=807\"><\/p>\n\n\n\n<p><\/p>\n\n\n\n<p>Otros departamentos con superficies relevantes afectadas f<strong>ueron San Miguel (8.866 ha), Empedrado (8.681 ha) e Ituzaing\u00f3 (7.420 ha). En tanto, General Alvear y Saladas superaron las cinco mil hect\u00e1reas quemadas, con 5.334 y 4.907, respectivamente.<\/strong><\/p>\n\n\n\n<p>En el norte y noroeste provincial, la situaci\u00f3n fue menos cr\u00edtica.&nbsp;<strong>Concepci\u00f3n, por ejemplo, apenas registr\u00f3 655 hect\u00e1reas afectadas, y Mburucuy\u00e1, solo 212. Tambi\u00e9n fueron bajos los registros en Monte Caseros (958 ha), San Cosme (1.029 ha) y Lavalle (1.458 ha).<\/strong><\/p>\n\n\n\n<figure class=\"wp-block-image\"><img decoding=\"async\" src=\"https:\/\/pxcdn.ellitoral.com.ar\/litoral\/042025\/1745454175854.jpg?cw=807\" alt=\"M\u00e1s de 200 mil hect\u00e1reas quemadas en Corrientes: cu\u00e1les fueron las zonas m\u00e1s afectadas \" title=\"M\u00e1s de 200 mil hect\u00e1reas quemadas en Corrientes: cu\u00e1les fueron las zonas m\u00e1s afectadas -\"\/><\/figure>\n\n\n\n<p>El an\u00e1lisis del tama\u00f1o y cantidad de \u00e1reas quemadas muestra una gran variabilidad. Los parches afectados oscilaron entre 1 y 3.649 hect\u00e1reas, con un tama\u00f1o promedio de 25 hect\u00e1reas y una importante desviaci\u00f3n est\u00e1ndar (146 ha), lo que indica una distribuci\u00f3n muy dispersa.<\/p>\n\n\n\n<p>La mayor\u00eda de los focos fueron relativamente peque\u00f1os: el 59% ten\u00eda menos de 5 hect\u00e1reas, el 37% entre 5 y 100, y solo el 4% superaba las 100 hect\u00e1reas.<\/p>\n\n\n\n<p>El informe cierra con una cartograf\u00eda detallada de las \u00e1reas quemadas en Corrientes desde el inicio del a\u00f1o, ofreciendo una herramienta clave para comprender la dimensi\u00f3n territorial del tema y planificar acciones preventivas.<\/p>\n\n\n\n<p>El trabajo ofrece un an\u00e1lisis detallado sobre la distribuci\u00f3n geogr\u00e1fica y los tipos de coberturas vegetales impactadas y forma parte del &nbsp;Proyecto Macro Regional de Recursos Naturales, elaborado por Ditmar B. Kurtz y Griselda I. Saucedo, con la colaboraci\u00f3n de los ingenieros Roberto Rojas y Luis Mestres.<\/p>\n","protected":false},"excerpt":{"rendered":"<p>M\u00e1s de 200 mil hect\u00e1reas arrasadas por el fuego en Corrientes en lo que va del a\u00f1o. As\u00ed lo revel\u00f3 un informe del Inta Corrientes y\u00a0se\u00f1ala que durante ese per\u00edodo&hellip; <\/p>\n","protected":false},"author":1,"featured_media":204026,"comment_status":"closed","ping_status":"open","sticky":false,"template":"","format":"standard","meta":{"footnotes":""},"categories":[6],"tags":[],"class_list":["post-204025","post","type-post","status-publish","format-standard","has-post-thumbnail","hentry","category-medio-ambiente"],"_links":{"self":[{"href":"https:\/\/corrientesdetarde.com\/index.php\/wp-json\/wp\/v2\/posts\/204025","targetHints":{"allow":["GET"]}}],"collection":[{"href":"https:\/\/corrientesdetarde.com\/index.php\/wp-json\/wp\/v2\/posts"}],"about":[{"href":"https:\/\/corrientesdetarde.com\/index.php\/wp-json\/wp\/v2\/types\/post"}],"author":[{"embeddable":true,"href":"https:\/\/corrientesdetarde.com\/index.php\/wp-json\/wp\/v2\/users\/1"}],"replies":[{"embeddable":true,"href":"https:\/\/corrientesdetarde.com\/index.php\/wp-json\/wp\/v2\/comments?post=204025"}],"version-history":[{"count":1,"href":"https:\/\/corrientesdetarde.com\/index.php\/wp-json\/wp\/v2\/posts\/204025\/revisions"}],"predecessor-version":[{"id":204027,"href":"https:\/\/corrientesdetarde.com\/index.php\/wp-json\/wp\/v2\/posts\/204025\/revisions\/204027"}],"wp:featuredmedia":[{"embeddable":true,"href":"https:\/\/corrientesdetarde.com\/index.php\/wp-json\/wp\/v2\/media\/204026"}],"wp:attachment":[{"href":"https:\/\/corrientesdetarde.com\/index.php\/wp-json\/wp\/v2\/media?parent=204025"}],"wp:term":[{"taxonomy":"category","embeddable":true,"href":"https:\/\/corrientesdetarde.com\/index.php\/wp-json\/wp\/v2\/categories?post=204025"},{"taxonomy":"post_tag","embeddable":true,"href":"https:\/\/corrientesdetarde.com\/index.php\/wp-json\/wp\/v2\/tags?post=204025"}],"curies":[{"name":"wp","href":"https:\/\/api.w.org\/{rel}","templated":true}]}}