{"id":204030,"date":"2025-04-24T09:27:41","date_gmt":"2025-04-24T12:27:41","guid":{"rendered":"https:\/\/corrientesdetarde.com\/?p=204030"},"modified":"2025-04-24T09:27:42","modified_gmt":"2025-04-24T12:27:42","slug":"salon-de-los-pasos-perdidos-homenaje-interreligioso-en-honor-al-papa-francisco-presidido-por-menem","status":"publish","type":"post","link":"https:\/\/corrientesdetarde.com\/index.php\/informacion-general\/salon-de-los-pasos-perdidos-homenaje-interreligioso-en-honor-al-papa-francisco-presidido-por-menem\/","title":{"rendered":"SAL\u00d3N DE LOS PASOS PERDIDOS: HOMENAJE INTERRELIGIOSO EN HONOR AL PAPA FRANCISCO, PRESIDIDO POR MENEM"},"content":{"rendered":"\n<p>(Pablo Roma, Congreso Nacional) &#8211; La apertura del encuentro estuvo a cargo de la diputada\u00a0<strong>Juliana Santill\u00e1n Ju\u00e1rez Brahim<\/strong>\u00a0(LLA), vicepresidente de la Comisi\u00f3n de Relaciones Exteriores y Culto de la C\u00e1mara baja, quien manifest\u00f3 que la partida del<strong>\u00a0Papa Francisco\u00a0<\/strong>\u201ces una tristeza compartida por el mundo\u201d.<br>Al respecto, Santill\u00e1n afirm\u00f3 que fue \u201cun argentino que trascendi\u00f3 nuestras fronteras, que se convirti\u00f3 en un s\u00edmbolo de paz, humanidad y comprensi\u00f3n\u201d.<br>\u201cHoy la humanidad despide a un l\u00edder espiritual, pero tambi\u00e9n a un hombre profundamente humano, un ser de honor, que ha llevado consigo la humanidad de los sencillos y la firmeza de los justos. Es un testimonio de que la fe cuando es aut\u00e9ntica puede transformar al mundo entero\u201d, subray\u00f3 la diputada.<\/p>\n\n\n\n<figure class=\"wp-block-image\"><a href=\"https:\/\/blogger.googleusercontent.com\/img\/a\/AVvXsEg9VbfsnVBoP4YvZTE07ibw6h5tVWwKCZSLbqFv2YEMbbEW-mAVNJ4LAzbTK2ka_WC3ZPTIBBJy2_GvVLidnlhNLRww2BDHcudXfWFt9vo7tiB1wmLgzfF7G_gIRj7AWEs91hPpJAwKB2QJY9-OLeuDvdas1D5Q69KsQPd17dPi7sNgs_7vMEiBlvcgJMc\"><img decoding=\"async\" src=\"https:\/\/blogger.googleusercontent.com\/img\/a\/AVvXsEg9VbfsnVBoP4YvZTE07ibw6h5tVWwKCZSLbqFv2YEMbbEW-mAVNJ4LAzbTK2ka_WC3ZPTIBBJy2_GvVLidnlhNLRww2BDHcudXfWFt9vo7tiB1wmLgzfF7G_gIRj7AWEs91hPpJAwKB2QJY9-OLeuDvdas1D5Q69KsQPd17dPi7sNgs_7vMEiBlvcgJMc=w400-h266\" alt=\"\"\/><\/a><\/figure>\n\n\n\n<p>Participaron referentes de \u00f3rdenes religiosas, integrantes de Canciller\u00eda, legisladores y, entre otros diplom\u00e1ticos, el embajador de Marruecos,&nbsp;<strong>Fares Yassir<\/strong>, el de Qatar,&nbsp;<strong>Battal Meajeb Al Dosari<\/strong>, el representante de Brasil,&nbsp;<strong>Julio Glinternick Bitelli<\/strong>, el paname\u00f1o&nbsp;<strong>Juan Luis Correa Esquivel<\/strong>, de Emiratos \u00c1rabes,&nbsp;<strong>Saeed Abdulla Saif Joula Alqemzi<\/strong>&nbsp;y el embajador frances,&nbsp;<strong>Romain Nadal<\/strong>, tal lo informado por Carlos Mariscal en CNN Rosario.<\/p>\n\n\n\n<p><br>Durante el acto, el cabo primero,&nbsp;<strong>Sergio Daniel L\u00f3pez<\/strong>, de la Fanfarria Militar Alto Per\u00fa del Regimiento de Granaderos a Caballo interpret\u00f3 con su trompeta el \u201cToque de Silencio\u201d. Adem\u00e1s, se emiti\u00f3 un video homenaje con una emotiva presentaci\u00f3n en honor a Su Santidad.<br>Luego, fue el turno de las palabras de los representantes de las diferentes religiones, siendo un momento de reflexi\u00f3n y unidad, donde cada voz reson\u00f3 en un mensaje de paz y fraternidad.<br>El rabino&nbsp;<strong>Jord\u00e1n Raber<\/strong>, de la Comunidad Bet El, se\u00f1al\u00f3 que \u201caunque los jud\u00edos no tengamos un Papa, sino humildes rabinos y maestros, Francisco fue de alg\u00fan modo nuestro Papa, el de todos los argentinos sin importar su origen \u00e9tnico, religioso o su extracci\u00f3n social\u201d.<br>\u201cFue, desde el profundo sentido moral de su vocaci\u00f3n, un aut\u00e9ntico cultor de la compasi\u00f3n por el otro\u201d, remarc\u00f3.<br>En tanto, el Im\u00e1n&nbsp;<strong>Sheij Salim Delgado<\/strong>&nbsp;destac\u00f3 que \u201cdespedimos a alguien que abog\u00f3 incesantemente por la paz para que prevalezca en el mundo, una lucha que ahora es muy valiosa porque ese esfuerzo se vio en tiempos tribulados de conmoci\u00f3n\u201d.<br>\u201cFrancisco foment\u00f3 lazos de hermandad, tendi\u00f3 puentes y se preocup\u00f3 de manera genuina por los pobres y vulnerados de la sociedad\u201d, ponder\u00f3. Y, a\u00f1adi\u00f3: \u201cLa comunidad local musulmana lo despide con un adi\u00f3s apenado y al mismo tiempo esperanzado que el mundo haga eco de su llamado de paz que todos deseamos\u201d.<br>Posteriormente, el Pastor&nbsp;<strong>Jorge G\u00f3mez<\/strong>, Director Ejecutivo de la Alianza Cristiana de Iglesias Evang\u00e9licas de la Argentina (ACIERA), destac\u00f3 \u201cel valor de Francisco en favor de los m\u00e1s desprotegidos, del di\u00e1logo interreligioso, de la promoci\u00f3n de la paz en medio de dif\u00edciles conflictos\u201d. \u201cEn la docencia por el medio ambiente, todos hemos acu\u00f1ado la expresi\u00f3n \u00b4la casa com\u00fan\u00b4\u201d, remarc\u00f3 G\u00f3mez.<br><strong>Mart\u00edn Bourdieu<\/strong>, P\u00e1rroco de la Bas\u00edlica San Jos\u00e9 de Flores, donde comenz\u00f3 el camino de Francisco, sintetiz\u00f3 lo que significan estos momentos en la iglesia del barrio porte\u00f1o.<br>\u201cEstamos viviendo en la Bas\u00edlica de Flores, su casa, su ra\u00edz, d\u00edas de much\u00edsima emoci\u00f3n y lo que m\u00e1s nos conmueve es recibir a tantos hermanos de distintos credos, de distintas ideolog\u00edas y que todos se acercan a encender una velita a llevar una flor a hacer un silencio respetuoso, muchos con l\u00e1grimas en los ojos, sabiendo que se nos ha ido un pastor\u201d, cont\u00f3.<br>Asimismo,&nbsp;<strong>Carlos White<\/strong>, presb\u00edtero, destac\u00f3 el humanismo del Sumo Pont\u00edfice: \u201cEn un mundo donde todo se pone muy fr\u00edo y tenso, Francisco predic\u00f3 el humanismo, la dignidad humana y el valor que tiene cada persona\u201d.<\/p>\n\n\n\n<figure class=\"wp-block-image\"><a href=\"https:\/\/blogger.googleusercontent.com\/img\/a\/AVvXsEiu0rRTYOTEfBHnXocAVzx3SrCAYUto092RZjtKZcP-UEp_KpXCz7W_bJZYO7zua_2wGmxFeMQVrtuLLRV4UAqfqhZIcIP-VUk2VE8Dje2VlrGrsMTcAelCf9wzJs22KrnfQE8iOslIds2VwRhU-ar3jOzm-Kti1DhhTeei7n3oA7e-64WiTxadGiZ3Xco\"><img decoding=\"async\" src=\"https:\/\/blogger.googleusercontent.com\/img\/a\/AVvXsEiu0rRTYOTEfBHnXocAVzx3SrCAYUto092RZjtKZcP-UEp_KpXCz7W_bJZYO7zua_2wGmxFeMQVrtuLLRV4UAqfqhZIcIP-VUk2VE8Dje2VlrGrsMTcAelCf9wzJs22KrnfQE8iOslIds2VwRhU-ar3jOzm-Kti1DhhTeei7n3oA7e-64WiTxadGiZ3Xco=w400-h266\" alt=\"\"\/><\/a><\/figure>\n\n\n\n<p>El cierre del homenaje estuvo a cargo del presidente de la C\u00e1mara de Diputados de la Naci\u00f3n,&nbsp;<strong>Mart\u00edn Menem<\/strong>, quien comparti\u00f3 unas palabras en honor al Papa Francisco.<br>Menem comenz\u00f3 con un agradecimiento especial a todos los diputados que, a trav\u00e9s de sus presidentes de bloque, \u201cfueron capaces de llegar a un acuerdo para llevar a cabo una sesi\u00f3n de homenaje, en un clima de concordia, tal cual lo hubiera querido Francisco\u201d.<br>\u201cOjal\u00e1 que la luz de \u00e9l, desde el lugar donde est\u00e9, nos ilumine a seguir en el dialogo, concordia y fraternidad entre distintas fuerzas pol\u00edticas\u201d, continu\u00f3.<br>El titular de la C\u00e1mara de Diputados tambi\u00e9n sostuvo que \u201cel Papa Francisco ha sabido encarnar con sencillez, pero con firmeza los valores universales de la humanidad, compromiso, humildad y solidaridad\u201d. \u201cFrancisco, el papa del fin del mundo, supo ejercer un liderazgo profundamente humano en el escenario internacional\u201d, a\u00f1adi\u00f3.<br>\u201cNo podemos omitir su calidad de verdadero l\u00edder. En tiempos marcados por la fragmentaci\u00f3n y el deterioro de la globalizaci\u00f3n, el Papa Francisco ha tendido puentes entre naciones, culturas y religiones, su constante pr\u00e1ctica del di\u00e1logo interreligioso fue una herramienta de paz invaluable\u201d, dijo Menem.<br>\u201cQuiero instar a todo el cuerpo parlamentario a trabajar desde nuestras diferencias por la Argentina que amamos y teniendo en mente el futuro que vamos a dejar a nuestros hijos. Gracias Santo Padre, que tu testimonio siga sembrando unidad, verdad y esperanza\u201d, concluy\u00f3.<br>Luego, el tenor&nbsp;<strong>Iv\u00e1n Maier<\/strong>, representando a la Direcci\u00f3n Nacional de los Elencos Estables de la Secretar\u00eda de Cultura de la Naci\u00f3n, realiz\u00f3 un cierre musical y enton\u00f3 las canciones \u201cCon las alas del alma\u201d y \u201cSolo le pido a Dios\u201d.<\/p>\n\n\n\n<p>Con noticias de Prensa de la C\u00e1mara de Diputados de la Naci\u00f3n.<\/p>\n","protected":false},"excerpt":{"rendered":"<p>(Pablo Roma, Congreso Nacional) &#8211; La apertura del encuentro estuvo a cargo de la diputada\u00a0Juliana Santill\u00e1n Ju\u00e1rez Brahim\u00a0(LLA), vicepresidente de la Comisi\u00f3n de Relaciones Exteriores y Culto de la C\u00e1mara&hellip; <\/p>\n","protected":false},"author":11,"featured_media":204032,"comment_status":"closed","ping_status":"open","sticky":false,"template":"","format":"standard","meta":{"footnotes":""},"categories":[1],"tags":[],"class_list":["post-204030","post","type-post","status-publish","format-standard","has-post-thumbnail","hentry","category-informacion-general"],"_links":{"self":[{"href":"https:\/\/corrientesdetarde.com\/index.php\/wp-json\/wp\/v2\/posts\/204030","targetHints":{"allow":["GET"]}}],"collection":[{"href":"https:\/\/corrientesdetarde.com\/index.php\/wp-json\/wp\/v2\/posts"}],"about":[{"href":"https:\/\/corrientesdetarde.com\/index.php\/wp-json\/wp\/v2\/types\/post"}],"author":[{"embeddable":true,"href":"https:\/\/corrientesdetarde.com\/index.php\/wp-json\/wp\/v2\/users\/11"}],"replies":[{"embeddable":true,"href":"https:\/\/corrientesdetarde.com\/index.php\/wp-json\/wp\/v2\/comments?post=204030"}],"version-history":[{"count":1,"href":"https:\/\/corrientesdetarde.com\/index.php\/wp-json\/wp\/v2\/posts\/204030\/revisions"}],"predecessor-version":[{"id":204034,"href":"https:\/\/corrientesdetarde.com\/index.php\/wp-json\/wp\/v2\/posts\/204030\/revisions\/204034"}],"wp:featuredmedia":[{"embeddable":true,"href":"https:\/\/corrientesdetarde.com\/index.php\/wp-json\/wp\/v2\/media\/204032"}],"wp:attachment":[{"href":"https:\/\/corrientesdetarde.com\/index.php\/wp-json\/wp\/v2\/media?parent=204030"}],"wp:term":[{"taxonomy":"category","embeddable":true,"href":"https:\/\/corrientesdetarde.com\/index.php\/wp-json\/wp\/v2\/categories?post=204030"},{"taxonomy":"post_tag","embeddable":true,"href":"https:\/\/corrientesdetarde.com\/index.php\/wp-json\/wp\/v2\/tags?post=204030"}],"curies":[{"name":"wp","href":"https:\/\/api.w.org\/{rel}","templated":true}]}}