{"id":204051,"date":"2025-04-24T13:25:14","date_gmt":"2025-04-24T16:25:14","guid":{"rendered":"https:\/\/corrientesdetarde.com\/?p=204051"},"modified":"2025-04-24T13:25:20","modified_gmt":"2025-04-24T16:25:20","slug":"fuerte-respaldo-de-la-jefa-del-fmi-al-gobierno-para-las-elecciones-es-importante-siga-por-este-camino","status":"publish","type":"post","link":"https:\/\/corrientesdetarde.com\/index.php\/economia\/fuerte-respaldo-de-la-jefa-del-fmi-al-gobierno-para-las-elecciones-es-importante-siga-por-este-camino\/","title":{"rendered":"Fuerte respaldo de la jefa del FMI al Gobierno para las elecciones: \u201cEs importante siga por este camino\u201d"},"content":{"rendered":"\n<p>Kristalina Georgieva present\u00f3 la Agenda de Pol\u00edtica Global 2025 y volvi\u00f3 a elogiar la gesti\u00f3n de Javier Milei.<\/p>\n\n\n\n<p>La directora gerente del\u00a0Fondo Monetario Internacional (<strong>FMI<\/strong>),\u00a0<strong>Kristalina Georgieva<\/strong>, volvi\u00f3 a elogiar la gesti\u00f3n de\u00a0<strong>Javier Milei\u00a0<\/strong>y enfatiz\u00f3 que la \u201c<strong>Argentina demostr\u00f3 esta vez que las cosas son diferentes y hay decisi\u00f3n de poner a la econom\u00eda en bases firmes<\/strong>\u201d, asegur\u00f3 en rueda de prensa.<\/p>\n\n\n\n<p>Georgieva, que ayer se reuni\u00f3 con el ministro de Econom\u00eda, <strong>Luis Caputo<\/strong>, remarc\u00f3 adem\u00e1s la importancia de que estas reformas contin\u00faen y habl\u00f3 del desaf\u00edo que plantea en ese sentido que este sea un a\u00f1o electoral en la Argentina.<\/p>\n\n\n\n<p>\u201cEl pa\u00eds celebra<strong>&nbsp;elecciones en octubre y es importante que no se salga del camino<\/strong>\u201d, dijo. La jefa del Fondo destac\u00f3 que en lo que va de la gesti\u00f3n libertaria \u201cse logr\u00f3 pasar de un d\u00e9ficit a un super\u00e1vit; de una inflaci\u00f3n muy alta al dato de 3,7% en febrero y de una pobreza del 50 al 37%, que es una cifra alta pero en retroceso\u201c.<\/p>\n\n\n\n<figure class=\"wp-block-image\"><img decoding=\"async\" src=\"https:\/\/tn.com.ar\/resizer\/v2\/la-directora-gerente-del-fondo-monetario-internacional-fmi-kristalina-georgieva-volvio-a-elogiar-la-gestion-de-javier-milei-foto-x-kgeorgieva-G5RW7D523FDANEKUS74SDB3D5U.jpg?auth=954b28c6f9c5fbb6ad48dab6e6b191cc4183309c1db3202f50932b3ad025169e&amp;width=767\" alt=\"La directora gerente del Fondo Monetario Internacional (FMI), Kristalina Georgieva, volvi\u00f3 a elogiar la gesti\u00f3n de Javier Milei. (Foto: X \/ @KGeorgieva)\"\/><\/figure>\n\n\n\n<p>Adem\u00e1s, se\u00f1al\u00f3 que<strong>&nbsp;el Estado \u201cest\u00e1 saliendo de lugares que no deber\u00edan estar interviniendo\u201d.<\/strong><\/p>\n\n\n\n<p>Con respecto al\u00a0nuevo acuerdo por\u00a0<strong>US$20.000 millones<\/strong>, Georgieva remarc\u00f3: \u201c<strong>Vimos que cuando se anunci\u00f3 el programa, el efecto inmediato de los mercados fue positivo<\/strong>\u201d<\/p>\n\n\n\n<p>\u201c<strong>Argentina no est\u00e1 sola en esta estabilizaci\u00f3n. Estamos nosotros y el Banco Mundial.<\/strong>&nbsp;Hay una oportunidad important\u00edsima para Argentina en un mundo que quiere comprar lo que produce\u201d, plante\u00f3.<\/p>\n\n\n\n<h2 class=\"wp-block-heading\">Qu\u00e9 dijo Kristalina Georgieva sobre la guerra comercial<\/h2>\n\n\n\n<p>Durante la presentaci\u00f3n de la Agenda de Pol\u00edtica Global 2025 del FMI, Kristalina Georgieva se refiri\u00f3 a la&nbsp;<strong>guerra arancelaria<\/strong>. \u201c<strong>Los pa\u00edses deben resolver las tensiones comerciales,&nbsp;<\/strong>incluso&nbsp;<strong>Estados Unidos y China\u201d<\/strong>, se\u00f1al\u00f3. En varias ocasiones, la jefa del FMI reiter\u00f3 que&nbsp;<strong>\u201chay que reducir la incertidumbre<\/strong>\u201d<\/p>\n\n\n\n<p>\u201cLa incertidumbre es costosa. Todos los pa\u00edses deben rebajar sus barreras comerciales tanto arancelarias y no arancelarias\u201d, plante\u00f3. Adem\u00e1s, consider\u00f3 que los pa\u00edses tienen que&nbsp;<strong>\u201cdefinir sendas de ajustes que protejan las inversiones clave<\/strong>\u201d. Y que seguir\u00e1n \u201c<strong>promoviendo pol\u00edticas para ayudar a los pa\u00edses de vulnerabilidad de deuda<\/strong>\u201d.<\/p>\n\n\n\n<figure class=\"wp-block-image\"><img decoding=\"async\" src=\"https:\/\/tn.com.ar\/resizer\/v2\/kristalina-georgieva-se-refirio-a-la-guerra-arancelaria-foto-reutersken-cedeno-HAADTPBOHMACPP2NQR37CEV5IE.jpg?auth=c25b06f975a21e15b2d7638db81174bac30758c1d883da7c41ae58f60b25f143&amp;width=767\" alt=\"Kristalina Georgieva se refiri\u00f3 a la guerra arancelaria (Foto: REUTERS\/Ken Cedeno)\"\/><\/figure>\n\n\n\n<p>En otro tramo de su discurso, la jefa del Fondo se refiri\u00f3 a los dichos del secretario del Tesoro de Estados Unidos,<strong>\u00a0Scott Bessent<\/strong>, quien pidi\u00f3 reformas en el FMI y cuestion\u00f3 que hoy\u201cdedica una cantidad desproporcionada de tiempo y recursos a cuestiones sociales, de cambio clim\u00e1tico y g\u00e9nero\u201d.<\/p>\n\n\n\n<p>\u201cValoramos much\u00edsimo el apoyo de Estados Unidos porque es nuestro hogar y nuestro principal accionista.&nbsp;<strong>Los pa\u00edses vulnerables a fen\u00f3menos clim\u00e1ticos extremos necesitan asesoramiento macroecon\u00f3mico del FMI<\/strong>\u201d, expuso.<\/p>\n\n\n\n<p><\/p>\n","protected":false},"excerpt":{"rendered":"<p>Kristalina Georgieva present\u00f3 la Agenda de Pol\u00edtica Global 2025 y volvi\u00f3 a elogiar la gesti\u00f3n de Javier Milei. La directora gerente del\u00a0Fondo Monetario Internacional (FMI),\u00a0Kristalina Georgieva, volvi\u00f3 a elogiar la&hellip; <\/p>\n","protected":false},"author":8,"featured_media":204052,"comment_status":"closed","ping_status":"open","sticky":false,"template":"","format":"standard","meta":{"footnotes":""},"categories":[20],"tags":[],"class_list":["post-204051","post","type-post","status-publish","format-standard","has-post-thumbnail","hentry","category-economia"],"_links":{"self":[{"href":"https:\/\/corrientesdetarde.com\/index.php\/wp-json\/wp\/v2\/posts\/204051","targetHints":{"allow":["GET"]}}],"collection":[{"href":"https:\/\/corrientesdetarde.com\/index.php\/wp-json\/wp\/v2\/posts"}],"about":[{"href":"https:\/\/corrientesdetarde.com\/index.php\/wp-json\/wp\/v2\/types\/post"}],"author":[{"embeddable":true,"href":"https:\/\/corrientesdetarde.com\/index.php\/wp-json\/wp\/v2\/users\/8"}],"replies":[{"embeddable":true,"href":"https:\/\/corrientesdetarde.com\/index.php\/wp-json\/wp\/v2\/comments?post=204051"}],"version-history":[{"count":1,"href":"https:\/\/corrientesdetarde.com\/index.php\/wp-json\/wp\/v2\/posts\/204051\/revisions"}],"predecessor-version":[{"id":204053,"href":"https:\/\/corrientesdetarde.com\/index.php\/wp-json\/wp\/v2\/posts\/204051\/revisions\/204053"}],"wp:featuredmedia":[{"embeddable":true,"href":"https:\/\/corrientesdetarde.com\/index.php\/wp-json\/wp\/v2\/media\/204052"}],"wp:attachment":[{"href":"https:\/\/corrientesdetarde.com\/index.php\/wp-json\/wp\/v2\/media?parent=204051"}],"wp:term":[{"taxonomy":"category","embeddable":true,"href":"https:\/\/corrientesdetarde.com\/index.php\/wp-json\/wp\/v2\/categories?post=204051"},{"taxonomy":"post_tag","embeddable":true,"href":"https:\/\/corrientesdetarde.com\/index.php\/wp-json\/wp\/v2\/tags?post=204051"}],"curies":[{"name":"wp","href":"https:\/\/api.w.org\/{rel}","templated":true}]}}