{"id":204101,"date":"2025-04-24T15:27:11","date_gmt":"2025-04-24T18:27:11","guid":{"rendered":"https:\/\/corrientesdetarde.com\/?p=204101"},"modified":"2025-04-24T15:27:16","modified_gmt":"2025-04-24T18:27:16","slug":"tras-el-acuerdo-con-el-fmi-el-gobierno-preve-aplicar-en-mayo-el-nuevo-esquema-de-tarifas-de-luz-y-gas","status":"publish","type":"post","link":"https:\/\/corrientesdetarde.com\/index.php\/economia\/tras-el-acuerdo-con-el-fmi-el-gobierno-preve-aplicar-en-mayo-el-nuevo-esquema-de-tarifas-de-luz-y-gas\/","title":{"rendered":"Tras el acuerdo con el FMI, el Gobierno prev\u00e9 aplicar en mayo el nuevo esquema de tarifas de luz y gas"},"content":{"rendered":"\n<p>Los entes reguladores del sector trabajan en los \u00faltimos detalles para que antes del invierno ya rija la revisi\u00f3n para los pr\u00f3ximos cinco a\u00f1os.<\/p>\n\n\n\n<p><a href=\"https:\/\/tn.com.ar\/autor\/palopez\/\"><\/a>El Gobierno tiene previsto aplicar\u00a0<strong>desde mayo\u00a0<\/strong>el\u00a0nuevo esquema de tarifas para luz y gas. Tras meses de autorizar aumentos transitorios, en los planes oficiales est\u00e1 que los<strong>\u00a0incrementos hasta 2030,\u00a0<\/strong>que surgieron de las audiencias p\u00fablicas realizadas en el verano, el plan de inversiones de las empresas y las multas por incumplimientos arranquen el mes que viene.<\/p>\n\n\n\n<p>El proceso de\u00a0Revisi\u00f3n Tarifaria Quinquenal (RTQ)\u00a0est\u00e1 m\u00e1s que avanzado. En materia de electricidad,\u00a0<strong>el ENRE cumpli\u00f3<\/strong>\u00a0esta semana con un\u00a0<strong>requisito fundamental\u00a0<\/strong>antes de habilitar las nuevas tarifas, inversiones comprometidas por las distribuidoras que operan en el AMBA (<em>Edenor y Edesur<\/em>) y las multas que pueden aplicarles. En tanto, el\u00a0Enargas prorrog\u00f3 por una formalidad los plazos\u00a0para terminar de analizar las propuestas de tarifas e inversiones de las distintas firmas del sector.<\/p>\n\n\n\n<p>En ese marco, fuentes oficiales indicaron a\u00a0que los\u00a0<strong>nuevos precios<\/strong>\u00a0tanto para\u00a0<strong>la luz<\/strong>\u00a0como para<strong>\u00a0el gas,<\/strong>\u00a0que pagar\u00e1n los usuarios\u00a0<strong>se publicar\u00e1n a principios de mayo<\/strong>. La idea del equipo energ\u00e9tico es\u00a0<strong>dejar de lado\u00a0<\/strong>con el cambio de mes las autorizaciones de\u00a0<strong>aumentos de transici\u00f3n<\/strong>, con los cuales el Ministerio de Econom\u00eda busc\u00f3 \u201canclar\u201d las expectativas inflacionarias.<\/p>\n\n\n\n<figure class=\"wp-block-image\"><img decoding=\"async\" src=\"https:\/\/tn.com.ar\/resizer\/v2\/el-nuevo-marco-tarifario-debia-implementarse-entre-marzo-y-abril-pero-el-gobierno-decidio-posponer-la-puesta-en-marcha-hasta-cerrar-el-acuerdo-con-el-fmi-foto-na-marcelo-capece-5YCCDEHMA5ECFOA6B2IIGSHWTI.png?auth=2acac265a6740aeac257e7e570be048435566ec4b980b573b1c8d161090f3fa8&amp;width=767\" alt=\"El nuevo marco tarifario deb\u00eda implementarse entre marzo y abril, pero el Gobierno decidi\u00f3 posponer la puesta en marcha hasta cerrar el acuerdo con el FMI. (Foto: NA\/ MARCELO CAPECE).\"\/><\/figure>\n\n\n\n<p>El cambio de esquema\u00a0<strong>estaba previsto para marzo en el caso del gas\u00a0<\/strong>y para\u00a0<strong>abril en la energ\u00eda el\u00e9ctrica<\/strong>, pero como inform\u00f3\u00a0<strong>,\u00a0<\/strong>la\u00a0volatilidad cambiaria y su impacto en la inflaci\u00f3n\u00a0lo demoraron a la espera del acuerdo con el FMI, que finalmente se anunci\u00f3 el 11 de este mes.<\/p>\n\n\n\n<p>En ese entendimiento, el Gobierno se comprometi\u00f3 a que para noviembre normalizar\u00eda lo que es el mercado el\u00e9ctrico mayorista (MEM) y\u00a0<strong>tambi\u00e9n a reformular el sistema de subsidios\u00a0<\/strong>para focalizar la asistencia a los hogares m\u00e1s vulnerables.<\/p>\n\n\n\n<h2 class=\"wp-block-heading\">Tarifas de luz y gas: c\u00f3mo es el esquema que el Gobierno quiere aplicar desde mayo<\/h2>\n\n\n\n<p>Los<strong>&nbsp;usuarios<\/strong>, sean residenciales, comerciales o industriales,&nbsp;<strong>pagan por sus consumos tres componentes: el valor mayorista,&nbsp;<\/strong>el transporte y la distribuci\u00f3n. El primer componente se fue actualizando de manera regular, mientras en transporte y distribuci\u00f3n hubo subas discrecionales, mes tras mes, mientras se discut\u00eda la Revisi\u00f3n Quinquenal Tarifaria&nbsp;<strong>(RQT)<\/strong>.<\/p>\n\n\n\n<p>Se sabe que&nbsp;<strong>el alza estar\u00e1 por encima de la inflaci\u00f3n proyectada&nbsp;<\/strong>para todo el a\u00f1o, pero que&nbsp;<strong>se dividir\u00e1 en dos o tres tramos<\/strong>. Tambi\u00e9n habr\u00e1 un&nbsp;<strong>mecanismo de actualizaci\u00f3n mensual por inflaci\u00f3n y salarios.<\/strong><\/p>\n\n\n\n<p>Los compromisos de\u00a0inversi\u00f3n de las empresas, el aumento de tarifas para este a\u00f1o y hasta 2030 ya fueron discutidos en las audiencias p\u00fablicas\u00a0realizadas en febrero.<\/p>\n\n\n\n<p><\/p>\n","protected":false},"excerpt":{"rendered":"<p>Los entes reguladores del sector trabajan en los \u00faltimos detalles para que antes del invierno ya rija la revisi\u00f3n para los pr\u00f3ximos cinco a\u00f1os. El Gobierno tiene previsto aplicar\u00a0desde mayo\u00a0el\u00a0nuevo&hellip; <\/p>\n","protected":false},"author":8,"featured_media":204102,"comment_status":"closed","ping_status":"open","sticky":false,"template":"","format":"standard","meta":{"footnotes":""},"categories":[20],"tags":[],"class_list":["post-204101","post","type-post","status-publish","format-standard","has-post-thumbnail","hentry","category-economia"],"_links":{"self":[{"href":"https:\/\/corrientesdetarde.com\/index.php\/wp-json\/wp\/v2\/posts\/204101","targetHints":{"allow":["GET"]}}],"collection":[{"href":"https:\/\/corrientesdetarde.com\/index.php\/wp-json\/wp\/v2\/posts"}],"about":[{"href":"https:\/\/corrientesdetarde.com\/index.php\/wp-json\/wp\/v2\/types\/post"}],"author":[{"embeddable":true,"href":"https:\/\/corrientesdetarde.com\/index.php\/wp-json\/wp\/v2\/users\/8"}],"replies":[{"embeddable":true,"href":"https:\/\/corrientesdetarde.com\/index.php\/wp-json\/wp\/v2\/comments?post=204101"}],"version-history":[{"count":1,"href":"https:\/\/corrientesdetarde.com\/index.php\/wp-json\/wp\/v2\/posts\/204101\/revisions"}],"predecessor-version":[{"id":204103,"href":"https:\/\/corrientesdetarde.com\/index.php\/wp-json\/wp\/v2\/posts\/204101\/revisions\/204103"}],"wp:featuredmedia":[{"embeddable":true,"href":"https:\/\/corrientesdetarde.com\/index.php\/wp-json\/wp\/v2\/media\/204102"}],"wp:attachment":[{"href":"https:\/\/corrientesdetarde.com\/index.php\/wp-json\/wp\/v2\/media?parent=204101"}],"wp:term":[{"taxonomy":"category","embeddable":true,"href":"https:\/\/corrientesdetarde.com\/index.php\/wp-json\/wp\/v2\/categories?post=204101"},{"taxonomy":"post_tag","embeddable":true,"href":"https:\/\/corrientesdetarde.com\/index.php\/wp-json\/wp\/v2\/tags?post=204101"}],"curies":[{"name":"wp","href":"https:\/\/api.w.org\/{rel}","templated":true}]}}