{"id":204135,"date":"2025-04-24T23:32:52","date_gmt":"2025-04-25T02:32:52","guid":{"rendered":"https:\/\/corrientesdetarde.com\/?p=204135"},"modified":"2025-04-24T23:33:06","modified_gmt":"2025-04-25T02:33:06","slug":"el-concejo-sanciono-el-nuevo-escalafon-municipal","status":"publish","type":"post","link":"https:\/\/corrientesdetarde.com\/index.php\/politica\/el-concejo-sanciono-el-nuevo-escalafon-municipal\/","title":{"rendered":"El Concejo sancion\u00f3 el nuevo escalaf\u00f3n municipal"},"content":{"rendered":"\n<p>Los ediles tambi\u00e9n resolvieron otorgar el t\u00edtulo honor\u00edfico de Ciudadano Ilustre de Corrientes al doctor Eduardo Enrique Galiana. Durante el c\u00f3nclave, las banderas permanecieron a media asta en se\u00f1al de duelo por el fallecimiento del Papa Francisco.<\/p>\n\n\n\n<p>El Honorable Concejo Deliberante (HCD) de la capital, llev\u00f3 adelante la quinta sesi\u00f3n ordinaria, presidida por Marcos Amarilla y con la participaci\u00f3n de 18 de los concejales que integran el cuerpo legislativo comunal.<\/p>\n\n\n\n<p>Durante este encuentro deliberativo, se sancionaron importantes normas, entre las cuales se destaca el nuevo escalaf\u00f3n para el personal municipal. Los principales aspectos de la ordenanza impulsada por el Departamento Ejecutivo Municipal (DEM) son la generaci\u00f3n de un impacto salarial positivo en los agentes de carrera, creaci\u00f3n de una estructura de agrupamientos representativa, actualizada y de f\u00e1cil identificaci\u00f3n y la reordenaci\u00f3n de la carrera administrativa en diez niveles. Asimismo, se fomenta la profesionalizaci\u00f3n, garantizando el acceso a los puestos de mayor responsabilidad en base a la capacidad y formaci\u00f3n y se produce un reordenamiento de c\u00f3digos en los recibos de sueldo, simplificando las liquidaciones a trav\u00e9s de la integraci\u00f3n de los adicionales al b\u00e1sico, entre otras cuestiones.<\/p>\n\n\n\n<p>En tanto, por unanimidad se otorg\u00f3 el t\u00edtulo honor\u00edfico de Ciudadano Ilustre de Corrientes al doctor Eduardo Enrique Galiana, reconocido abogado y doctor en Derecho de la Universidad Nacional del Nordeste (UNNE). Su notoria carrera, incluye m\u00e1s de 40 a\u00f1os como profesor universitario, gran cantidad de publicaciones en revistas especializadas y numerosas funciones p\u00fablicas, siendo diputado constituyente de Corrientes en 1993 y Consejero Directivo de la Facultad de Derecho en varios per\u00edodos.<\/p>\n\n\n\n<p>En cuanto a las iniciativas que tomaron estado parlamentario, es de resaltar proyectos que ser\u00e1n analizados por la comisi\u00f3n de Cultura: la solicitud del gobernador Gustavo Vald\u00e9s para que la futura arteria entre las calles Don Bosco y Padre Borgatti se denomine Juan Coll; el que establece el 22 de diciembre de cada a\u00f1o como el D\u00eda del Poeta Correntino en honor a Juan Genaro Gonz\u00e1lez Vedoya y el que instituye a Corrientes como la Capital Nacional del Muralismo en Esgrafiado.<\/p>\n\n\n\n<p>Asimismo, se plantea otorgar el t\u00edtulo honor\u00edfico de Ciudadano Ilustre al muralista, maestro de esgrafiado, pintor y escultor Jos\u00e9 Antonio Kura (se gir\u00f3 a las comisiones de Legislaci\u00f3n y Cultura).<\/p>\n\n\n\n<p><strong>Homenaje al Papa Francisco<\/strong><\/p>\n\n\n\n<p>Los concejales se tomaron un momento en el marco de la sesi\u00f3n para manifestar sentidas palabras por el fallecimiento del Papa Francisco. A su vez, aprobaron una declaraci\u00f3n expresando profundo pesar por la muerte de su Santidad, ocurrida el 21 de abril pasado. Como parte del duelo, las banderas permanecieron izadas a media asta en el recinto.<\/p>\n","protected":false},"excerpt":{"rendered":"<p>Los ediles tambi\u00e9n resolvieron otorgar el t\u00edtulo honor\u00edfico de Ciudadano Ilustre de Corrientes al doctor Eduardo Enrique Galiana. Durante el c\u00f3nclave, las banderas permanecieron a media asta en se\u00f1al de&hellip; <\/p>\n","protected":false},"author":4,"featured_media":204174,"comment_status":"closed","ping_status":"open","sticky":false,"template":"","format":"standard","meta":{"footnotes":""},"categories":[3],"tags":[],"class_list":["post-204135","post","type-post","status-publish","format-standard","has-post-thumbnail","hentry","category-politica"],"_links":{"self":[{"href":"https:\/\/corrientesdetarde.com\/index.php\/wp-json\/wp\/v2\/posts\/204135","targetHints":{"allow":["GET"]}}],"collection":[{"href":"https:\/\/corrientesdetarde.com\/index.php\/wp-json\/wp\/v2\/posts"}],"about":[{"href":"https:\/\/corrientesdetarde.com\/index.php\/wp-json\/wp\/v2\/types\/post"}],"author":[{"embeddable":true,"href":"https:\/\/corrientesdetarde.com\/index.php\/wp-json\/wp\/v2\/users\/4"}],"replies":[{"embeddable":true,"href":"https:\/\/corrientesdetarde.com\/index.php\/wp-json\/wp\/v2\/comments?post=204135"}],"version-history":[{"count":1,"href":"https:\/\/corrientesdetarde.com\/index.php\/wp-json\/wp\/v2\/posts\/204135\/revisions"}],"predecessor-version":[{"id":204175,"href":"https:\/\/corrientesdetarde.com\/index.php\/wp-json\/wp\/v2\/posts\/204135\/revisions\/204175"}],"wp:featuredmedia":[{"embeddable":true,"href":"https:\/\/corrientesdetarde.com\/index.php\/wp-json\/wp\/v2\/media\/204174"}],"wp:attachment":[{"href":"https:\/\/corrientesdetarde.com\/index.php\/wp-json\/wp\/v2\/media?parent=204135"}],"wp:term":[{"taxonomy":"category","embeddable":true,"href":"https:\/\/corrientesdetarde.com\/index.php\/wp-json\/wp\/v2\/categories?post=204135"},{"taxonomy":"post_tag","embeddable":true,"href":"https:\/\/corrientesdetarde.com\/index.php\/wp-json\/wp\/v2\/tags?post=204135"}],"curies":[{"name":"wp","href":"https:\/\/api.w.org\/{rel}","templated":true}]}}